{"id":970,"date":"2021-02-09T12:41:45","date_gmt":"2021-02-09T15:41:45","guid":{"rendered":"https:\/\/tallesbarreto.com.br\/site\/?p=970"},"modified":"2021-02-10T08:43:13","modified_gmt":"2021-02-10T11:43:13","slug":"talles-barreto-apresenta-pl-para-alterar-probem-e-contemplar-instituicoes-municipais-de-ensino-superior","status":"publish","type":"post","link":"https:\/\/tallesbarreto.com.br\/site\/index.php\/2021\/02\/09\/talles-barreto-apresenta-pl-para-alterar-probem-e-contemplar-instituicoes-municipais-de-ensino-superior\/","title":{"rendered":"Talles Barreto apresenta PL para alterar Probem e contemplar institui\u00e7\u00f5es municipais de ensino superior"},"content":{"rendered":"\n<figure class=\"wp-block-image\"><img loading=\"lazy\" width=\"1280\" height=\"853\" src=\"https:\/\/i0.wp.com\/tallesbarreto.com.br\/site\/wp-content\/uploads\/2021\/02\/WhatsApp-Image-2020-11-19-at-17.57.42-1.jpeg?fit=648%2C432&amp;ssl=1\" alt=\"\" class=\"wp-image-971\" srcset=\"https:\/\/i0.wp.com\/tallesbarreto.com.br\/site\/wp-content\/uploads\/2021\/02\/WhatsApp-Image-2020-11-19-at-17.57.42-1.jpeg?w=1280&amp;ssl=1 1280w, https:\/\/i0.wp.com\/tallesbarreto.com.br\/site\/wp-content\/uploads\/2021\/02\/WhatsApp-Image-2020-11-19-at-17.57.42-1.jpeg?resize=300%2C200&amp;ssl=1 300w, https:\/\/i0.wp.com\/tallesbarreto.com.br\/site\/wp-content\/uploads\/2021\/02\/WhatsApp-Image-2020-11-19-at-17.57.42-1.jpeg?resize=768%2C512&amp;ssl=1 768w, https:\/\/i0.wp.com\/tallesbarreto.com.br\/site\/wp-content\/uploads\/2021\/02\/WhatsApp-Image-2020-11-19-at-17.57.42-1.jpeg?resize=1024%2C682&amp;ssl=1 1024w\" sizes=\"(max-width: 648px) 100vw, 648px\" \/><\/figure>\n\n\n\n<p>O deputado estadual Talles Barreto (PSDB) apresentou na sess\u00e3o extraordin\u00e1ria da Assembleia Legislativa desta ter\u00e7a-feira, 9 de fevereiro, projeto de lei para alterar a lei n\u00ba 20.957\/2020 que disp\u00f5e sobre o Programa Universit\u00e1rio do Bem (Probem) e contemplar institui\u00e7\u00f5es municipais de ensino superior.<\/p>\n\n\n\n<p>&nbsp;A mat\u00e9ria tem o objetivo de alterar o artigo\n3\u00ba, II, da Lei sancionada do Probem para que possa ampliar a exig\u00eancia contida\nna atual reda\u00e7\u00e3o e, assim, atingir alunos que estejam regularmente matriculados\nem curso de gradua\u00e7\u00e3o n\u00e3o gratuito, em Institui\u00e7\u00f5es de Ensino Superior autorizadas\nou reconhecidas, n\u00e3o s\u00f3 pelo Minist\u00e9rio da Educa\u00e7\u00e3o (MEC), como tamb\u00e9m as que\nest\u00e3o regularmente credenciadas pelos Sistemas Federal e Estadual de Ensino,\nque n\u00e3o possuam penalidades ou estejam em processo de supervis\u00e3o.<\/p>\n\n\n\n<p>Segundo\no tucano, \u201co intuito \u00e9 comtemplar tamb\u00e9m alunos de Institui\u00e7\u00f5es Municipais que\ns\u00e3o reconhecidas pelo Conselho Estadual de Educa\u00e7\u00e3o (CEE), como temos em muitos\nmunic\u00edpios de nosso Estado, e que poderiam ficar sem o benef\u00edcio\u201d, frisou. O PL\ndeve come\u00e7ar a tramitar na pr\u00f3xima ter\u00e7a-feira (16) quando inicia as sess\u00f5es\nordin\u00e1rias do legislativo goiano. <\/p>\n","protected":false},"excerpt":{"rendered":"<p>O deputado estadual Talles Barreto (PSDB) apresentou na sess\u00e3o extraordin\u00e1ria da Assembleia Legislativa desta ter\u00e7a-feira, 9 de fevereiro, projeto de lei para alterar a lei n\u00ba 20.957\/2020 que disp\u00f5e sobre o Programa Universit\u00e1rio do Bem (Probem) e contemplar institui\u00e7\u00f5es municipais de ensino superior. &nbsp;A mat\u00e9ria tem o objetivo de alterar o artigo 3\u00ba, II, da [&hellip;]<\/p>\n","protected":false},"author":3,"featured_media":0,"comment_status":"closed","ping_status":"open","sticky":false,"template":"","format":"standard","meta":{"spay_email":""},"categories":[12],"tags":[],"yoast_head":"<!-- This site is optimized with the Yoast SEO plugin v19.4 - https:\/\/yoast.com\/wordpress\/plugins\/seo\/ -->\n<title>Talles Barreto apresenta PL para alterar Probem e contemplar institui\u00e7\u00f5es municipais de ensino superior - Deputado Estadual Talles Barreto<\/title>\n<meta name=\"robots\" content=\"index, follow, max-snippet:-1, max-image-preview:large, max-video-preview:-1\" \/>\n<link rel=\"canonical\" href=\"https:\/\/tallesbarreto.com.br\/site\/index.php\/2021\/02\/09\/talles-barreto-apresenta-pl-para-alterar-probem-e-contemplar-instituicoes-municipais-de-ensino-superior\/\" \/>\n<meta property=\"og:locale\" content=\"pt_BR\" \/>\n<meta property=\"og:type\" content=\"article\" \/>\n<meta property=\"og:title\" content=\"Talles Barreto apresenta PL para alterar Probem e contemplar institui\u00e7\u00f5es municipais de ensino superior - Deputado Estadual Talles Barreto\" \/>\n<meta property=\"og:description\" content=\"O deputado estadual Talles Barreto (PSDB) apresentou na sess\u00e3o extraordin\u00e1ria da Assembleia Legislativa desta ter\u00e7a-feira, 9 de fevereiro, projeto de lei para alterar a lei n\u00ba 20.957\/2020 que disp\u00f5e sobre o Programa Universit\u00e1rio do Bem (Probem) e contemplar institui\u00e7\u00f5es municipais de ensino superior. &nbsp;A mat\u00e9ria tem o objetivo de alterar o artigo 3\u00ba, II, da [&hellip;]\" \/>\n<meta property=\"og:url\" content=\"https:\/\/tallesbarreto.com.br\/site\/index.php\/2021\/02\/09\/talles-barreto-apresenta-pl-para-alterar-probem-e-contemplar-instituicoes-municipais-de-ensino-superior\/\" \/>\n<meta property=\"og:site_name\" content=\"Deputado Estadual Talles Barreto\" \/>\n<meta property=\"article:publisher\" content=\"https:\/\/www.facebook.com\/deputadotallesbarreto\/\" \/>\n<meta property=\"article:published_time\" content=\"2021-02-09T15:41:45+00:00\" \/>\n<meta property=\"article:modified_time\" content=\"2021-02-10T11:43:13+00:00\" \/>\n<meta property=\"og:image\" content=\"https:\/\/i0.wp.com\/tallesbarreto.com.br\/site\/wp-content\/uploads\/2021\/02\/WhatsApp-Image-2020-11-19-at-17.57.42-1.jpeg?fit=648%2C432&amp;ssl=1\" \/>\n<meta name=\"author\" content=\"brunna\" \/>\n<meta name=\"twitter:card\" content=\"summary_large_image\" \/>\n<meta name=\"twitter:creator\" content=\"@talles_barreto\" \/>\n<meta name=\"twitter:site\" content=\"@talles_barreto\" \/>\n<meta name=\"twitter:label1\" content=\"Escrito por\" \/>\n\t<meta name=\"twitter:data1\" content=\"brunna\" \/>\n\t<meta name=\"twitter:label2\" content=\"Est. tempo de leitura\" \/>\n\t<meta name=\"twitter:data2\" content=\"1 minuto\" \/>\n<script type=\"application\/ld+json\" class=\"yoast-schema-graph\">{\"@context\":\"https:\/\/schema.org\",\"@graph\":[{\"@type\":\"Organization\",\"@id\":\"https:\/\/tallesbarreto.com.br\/site\/#organization\",\"name\":\"Deputado Estadual Talles Barreto\",\"url\":\"https:\/\/tallesbarreto.com.br\/site\/\",\"sameAs\":[\"https:\/\/www.instagram.com\/deputadotallesbarreto\/\",\"https:\/\/www.facebook.com\/deputadotallesbarreto\/\",\"https:\/\/twitter.com\/talles_barreto\"],\"logo\":{\"@type\":\"ImageObject\",\"inLanguage\":\"pt-BR\",\"@id\":\"https:\/\/tallesbarreto.com.br\/site\/#\/schema\/logo\/image\/\",\"url\":\"https:\/\/tallesbarreto.com.br\/site\/wp-content\/uploads\/2019\/09\/logo-1.png\",\"contentUrl\":\"https:\/\/tallesbarreto.com.br\/site\/wp-content\/uploads\/2019\/09\/logo-1.png\",\"width\":2481,\"height\":1226,\"caption\":\"Deputado Estadual Talles Barreto\"},\"image\":{\"@id\":\"https:\/\/tallesbarreto.com.br\/site\/#\/schema\/logo\/image\/\"}},{\"@type\":\"WebSite\",\"@id\":\"https:\/\/tallesbarreto.com.br\/site\/#website\",\"url\":\"https:\/\/tallesbarreto.com.br\/site\/\",\"name\":\"Deputado Estadual Talles Barreto\",\"description\":\"\",\"publisher\":{\"@id\":\"https:\/\/tallesbarreto.com.br\/site\/#organization\"},\"potentialAction\":[{\"@type\":\"SearchAction\",\"target\":{\"@type\":\"EntryPoint\",\"urlTemplate\":\"https:\/\/tallesbarreto.com.br\/site\/?s={search_term_string}\"},\"query-input\":\"required name=search_term_string\"}],\"inLanguage\":\"pt-BR\"},{\"@type\":\"WebPage\",\"@id\":\"https:\/\/tallesbarreto.com.br\/site\/index.php\/2021\/02\/09\/talles-barreto-apresenta-pl-para-alterar-probem-e-contemplar-instituicoes-municipais-de-ensino-superior\/\",\"url\":\"https:\/\/tallesbarreto.com.br\/site\/index.php\/2021\/02\/09\/talles-barreto-apresenta-pl-para-alterar-probem-e-contemplar-instituicoes-municipais-de-ensino-superior\/\",\"name\":\"Talles Barreto apresenta PL para alterar Probem e contemplar institui\u00e7\u00f5es municipais de ensino superior - Deputado Estadual Talles Barreto\",\"isPartOf\":{\"@id\":\"https:\/\/tallesbarreto.com.br\/site\/#website\"},\"datePublished\":\"2021-02-09T15:41:45+00:00\",\"dateModified\":\"2021-02-10T11:43:13+00:00\",\"breadcrumb\":{\"@id\":\"https:\/\/tallesbarreto.com.br\/site\/index.php\/2021\/02\/09\/talles-barreto-apresenta-pl-para-alterar-probem-e-contemplar-instituicoes-municipais-de-ensino-superior\/#breadcrumb\"},\"inLanguage\":\"pt-BR\",\"potentialAction\":[{\"@type\":\"ReadAction\",\"target\":[\"https:\/\/tallesbarreto.com.br\/site\/index.php\/2021\/02\/09\/talles-barreto-apresenta-pl-para-alterar-probem-e-contemplar-instituicoes-municipais-de-ensino-superior\/\"]}]},{\"@type\":\"BreadcrumbList\",\"@id\":\"https:\/\/tallesbarreto.com.br\/site\/index.php\/2021\/02\/09\/talles-barreto-apresenta-pl-para-alterar-probem-e-contemplar-instituicoes-municipais-de-ensino-superior\/#breadcrumb\",\"itemListElement\":[{\"@type\":\"ListItem\",\"position\":1,\"name\":\"In\u00edcio\",\"item\":\"https:\/\/tallesbarreto.com.br\/site\/\"},{\"@type\":\"ListItem\",\"position\":2,\"name\":\"Talles Barreto apresenta PL para alterar Probem e contemplar institui\u00e7\u00f5es municipais de ensino superior\"}]},{\"@type\":\"Article\",\"@id\":\"https:\/\/tallesbarreto.com.br\/site\/index.php\/2021\/02\/09\/talles-barreto-apresenta-pl-para-alterar-probem-e-contemplar-instituicoes-municipais-de-ensino-superior\/#article\",\"isPartOf\":{\"@id\":\"https:\/\/tallesbarreto.com.br\/site\/index.php\/2021\/02\/09\/talles-barreto-apresenta-pl-para-alterar-probem-e-contemplar-instituicoes-municipais-de-ensino-superior\/\"},\"author\":{\"name\":\"brunna\",\"@id\":\"https:\/\/tallesbarreto.com.br\/site\/#\/schema\/person\/5bea009e77796979c19941ebd38a4886\"},\"headline\":\"Talles Barreto apresenta PL para alterar Probem e contemplar institui\u00e7\u00f5es municipais de ensino superior\",\"datePublished\":\"2021-02-09T15:41:45+00:00\",\"dateModified\":\"2021-02-10T11:43:13+00:00\",\"mainEntityOfPage\":{\"@id\":\"https:\/\/tallesbarreto.com.br\/site\/index.php\/2021\/02\/09\/talles-barreto-apresenta-pl-para-alterar-probem-e-contemplar-instituicoes-municipais-de-ensino-superior\/\"},\"wordCount\":218,\"publisher\":{\"@id\":\"https:\/\/tallesbarreto.com.br\/site\/#organization\"},\"articleSection\":[\"Saiu na M\u00eddia\"],\"inLanguage\":\"pt-BR\"},{\"@type\":\"Person\",\"@id\":\"https:\/\/tallesbarreto.com.br\/site\/#\/schema\/person\/5bea009e77796979c19941ebd38a4886\",\"name\":\"brunna\",\"image\":{\"@type\":\"ImageObject\",\"inLanguage\":\"pt-BR\",\"@id\":\"https:\/\/tallesbarreto.com.br\/site\/#\/schema\/person\/image\/\",\"url\":\"https:\/\/secure.gravatar.com\/avatar\/9f437887eff5a42295e1b9835aeb67b4?s=96&d=mm&r=g\",\"contentUrl\":\"https:\/\/secure.gravatar.com\/avatar\/9f437887eff5a42295e1b9835aeb67b4?s=96&d=mm&r=g\",\"caption\":\"brunna\"},\"url\":\"https:\/\/tallesbarreto.com.br\/site\/index.php\/author\/brunna\/\"}]}<\/script>\n<!-- \/ Yoast SEO plugin. -->","yoast_head_json":{"title":"Talles Barreto apresenta PL para alterar Probem e contemplar institui\u00e7\u00f5es municipais de ensino superior - Deputado Estadual Talles Barreto","robots":{"index":"index","follow":"follow","max-snippet":"max-snippet:-1","max-image-preview":"max-image-preview:large","max-video-preview":"max-video-preview:-1"},"canonical":"https:\/\/tallesbarreto.com.br\/site\/index.php\/2021\/02\/09\/talles-barreto-apresenta-pl-para-alterar-probem-e-contemplar-instituicoes-municipais-de-ensino-superior\/","og_locale":"pt_BR","og_type":"article","og_title":"Talles Barreto apresenta PL para alterar Probem e contemplar institui\u00e7\u00f5es municipais de ensino superior - Deputado Estadual Talles Barreto","og_description":"O deputado estadual Talles Barreto (PSDB) apresentou na sess\u00e3o extraordin\u00e1ria da Assembleia Legislativa desta ter\u00e7a-feira, 9 de fevereiro, projeto de lei para alterar a lei n\u00ba 20.957\/2020 que disp\u00f5e sobre o Programa Universit\u00e1rio do Bem (Probem) e contemplar institui\u00e7\u00f5es municipais de ensino superior. &nbsp;A mat\u00e9ria tem o objetivo de alterar o artigo 3\u00ba, II, da [&hellip;]","og_url":"https:\/\/tallesbarreto.com.br\/site\/index.php\/2021\/02\/09\/talles-barreto-apresenta-pl-para-alterar-probem-e-contemplar-instituicoes-municipais-de-ensino-superior\/","og_site_name":"Deputado Estadual Talles Barreto","article_publisher":"https:\/\/www.facebook.com\/deputadotallesbarreto\/","article_published_time":"2021-02-09T15:41:45+00:00","article_modified_time":"2021-02-10T11:43:13+00:00","og_image":[{"url":"https:\/\/i0.wp.com\/tallesbarreto.com.br\/site\/wp-content\/uploads\/2021\/02\/WhatsApp-Image-2020-11-19-at-17.57.42-1.jpeg?fit=648%2C432&amp;ssl=1"}],"author":"brunna","twitter_card":"summary_large_image","twitter_creator":"@talles_barreto","twitter_site":"@talles_barreto","twitter_misc":{"Escrito por":"brunna","Est. tempo de leitura":"1 minuto"},"schema":{"@context":"https:\/\/schema.org","@graph":[{"@type":"Organization","@id":"https:\/\/tallesbarreto.com.br\/site\/#organization","name":"Deputado Estadual Talles Barreto","url":"https:\/\/tallesbarreto.com.br\/site\/","sameAs":["https:\/\/www.instagram.com\/deputadotallesbarreto\/","https:\/\/www.facebook.com\/deputadotallesbarreto\/","https:\/\/twitter.com\/talles_barreto"],"logo":{"@type":"ImageObject","inLanguage":"pt-BR","@id":"https:\/\/tallesbarreto.com.br\/site\/#\/schema\/logo\/image\/","url":"https:\/\/tallesbarreto.com.br\/site\/wp-content\/uploads\/2019\/09\/logo-1.png","contentUrl":"https:\/\/tallesbarreto.com.br\/site\/wp-content\/uploads\/2019\/09\/logo-1.png","width":2481,"height":1226,"caption":"Deputado Estadual Talles Barreto"},"image":{"@id":"https:\/\/tallesbarreto.com.br\/site\/#\/schema\/logo\/image\/"}},{"@type":"WebSite","@id":"https:\/\/tallesbarreto.com.br\/site\/#website","url":"https:\/\/tallesbarreto.com.br\/site\/","name":"Deputado Estadual Talles Barreto","description":"","publisher":{"@id":"https:\/\/tallesbarreto.com.br\/site\/#organization"},"potentialAction":[{"@type":"SearchAction","target":{"@type":"EntryPoint","urlTemplate":"https:\/\/tallesbarreto.com.br\/site\/?s={search_term_string}"},"query-input":"required name=search_term_string"}],"inLanguage":"pt-BR"},{"@type":"WebPage","@id":"https:\/\/tallesbarreto.com.br\/site\/index.php\/2021\/02\/09\/talles-barreto-apresenta-pl-para-alterar-probem-e-contemplar-instituicoes-municipais-de-ensino-superior\/","url":"https:\/\/tallesbarreto.com.br\/site\/index.php\/2021\/02\/09\/talles-barreto-apresenta-pl-para-alterar-probem-e-contemplar-instituicoes-municipais-de-ensino-superior\/","name":"Talles Barreto apresenta PL para alterar Probem e contemplar institui\u00e7\u00f5es municipais de ensino superior - Deputado Estadual Talles Barreto","isPartOf":{"@id":"https:\/\/tallesbarreto.com.br\/site\/#website"},"datePublished":"2021-02-09T15:41:45+00:00","dateModified":"2021-02-10T11:43:13+00:00","breadcrumb":{"@id":"https:\/\/tallesbarreto.com.br\/site\/index.php\/2021\/02\/09\/talles-barreto-apresenta-pl-para-alterar-probem-e-contemplar-instituicoes-municipais-de-ensino-superior\/#breadcrumb"},"inLanguage":"pt-BR","potentialAction":[{"@type":"ReadAction","target":["https:\/\/tallesbarreto.com.br\/site\/index.php\/2021\/02\/09\/talles-barreto-apresenta-pl-para-alterar-probem-e-contemplar-instituicoes-municipais-de-ensino-superior\/"]}]},{"@type":"BreadcrumbList","@id":"https:\/\/tallesbarreto.com.br\/site\/index.php\/2021\/02\/09\/talles-barreto-apresenta-pl-para-alterar-probem-e-contemplar-instituicoes-municipais-de-ensino-superior\/#breadcrumb","itemListElement":[{"@type":"ListItem","position":1,"name":"In\u00edcio","item":"https:\/\/tallesbarreto.com.br\/site\/"},{"@type":"ListItem","position":2,"name":"Talles Barreto apresenta PL para alterar Probem e contemplar institui\u00e7\u00f5es municipais de ensino superior"}]},{"@type":"Article","@id":"https:\/\/tallesbarreto.com.br\/site\/index.php\/2021\/02\/09\/talles-barreto-apresenta-pl-para-alterar-probem-e-contemplar-instituicoes-municipais-de-ensino-superior\/#article","isPartOf":{"@id":"https:\/\/tallesbarreto.com.br\/site\/index.php\/2021\/02\/09\/talles-barreto-apresenta-pl-para-alterar-probem-e-contemplar-instituicoes-municipais-de-ensino-superior\/"},"author":{"name":"brunna","@id":"https:\/\/tallesbarreto.com.br\/site\/#\/schema\/person\/5bea009e77796979c19941ebd38a4886"},"headline":"Talles Barreto apresenta PL para alterar Probem e contemplar institui\u00e7\u00f5es municipais de ensino superior","datePublished":"2021-02-09T15:41:45+00:00","dateModified":"2021-02-10T11:43:13+00:00","mainEntityOfPage":{"@id":"https:\/\/tallesbarreto.com.br\/site\/index.php\/2021\/02\/09\/talles-barreto-apresenta-pl-para-alterar-probem-e-contemplar-instituicoes-municipais-de-ensino-superior\/"},"wordCount":218,"publisher":{"@id":"https:\/\/tallesbarreto.com.br\/site\/#organization"},"articleSection":["Saiu na M\u00eddia"],"inLanguage":"pt-BR"},{"@type":"Person","@id":"https:\/\/tallesbarreto.com.br\/site\/#\/schema\/person\/5bea009e77796979c19941ebd38a4886","name":"brunna","image":{"@type":"ImageObject","inLanguage":"pt-BR","@id":"https:\/\/tallesbarreto.com.br\/site\/#\/schema\/person\/image\/","url":"https:\/\/secure.gravatar.com\/avatar\/9f437887eff5a42295e1b9835aeb67b4?s=96&d=mm&r=g","contentUrl":"https:\/\/secure.gravatar.com\/avatar\/9f437887eff5a42295e1b9835aeb67b4?s=96&d=mm&r=g","caption":"brunna"},"url":"https:\/\/tallesbarreto.com.br\/site\/index.php\/author\/brunna\/"}]}},"jetpack_featured_media_url":"","_links":{"self":[{"href":"https:\/\/tallesbarreto.com.br\/site\/index.php\/wp-json\/wp\/v2\/posts\/970"}],"collection":[{"href":"https:\/\/tallesbarreto.com.br\/site\/index.php\/wp-json\/wp\/v2\/posts"}],"about":[{"href":"https:\/\/tallesbarreto.com.br\/site\/index.php\/wp-json\/wp\/v2\/types\/post"}],"author":[{"embeddable":true,"href":"https:\/\/tallesbarreto.com.br\/site\/index.php\/wp-json\/wp\/v2\/users\/3"}],"replies":[{"embeddable":true,"href":"https:\/\/tallesbarreto.com.br\/site\/index.php\/wp-json\/wp\/v2\/comments?post=970"}],"version-history":[{"count":2,"href":"https:\/\/tallesbarreto.com.br\/site\/index.php\/wp-json\/wp\/v2\/posts\/970\/revisions"}],"predecessor-version":[{"id":973,"href":"https:\/\/tallesbarreto.com.br\/site\/index.php\/wp-json\/wp\/v2\/posts\/970\/revisions\/973"}],"wp:attachment":[{"href":"https:\/\/tallesbarreto.com.br\/site\/index.php\/wp-json\/wp\/v2\/media?parent=970"}],"wp:term":[{"taxonomy":"category","embeddable":true,"href":"https:\/\/tallesbarreto.com.br\/site\/index.php\/wp-json\/wp\/v2\/categories?post=970"},{"taxonomy":"post_tag","embeddable":true,"href":"https:\/\/tallesbarreto.com.br\/site\/index.php\/wp-json\/wp\/v2\/tags?post=970"}],"curies":[{"name":"wp","href":"https:\/\/api.w.org\/{rel}","templated":true}]}}