{"id":960,"date":"2021-01-18T11:16:27","date_gmt":"2021-01-18T14:16:27","guid":{"rendered":"https:\/\/tallesbarreto.com.br\/site\/?p=960"},"modified":"2021-02-03T11:18:32","modified_gmt":"2021-02-03T14:18:32","slug":"talles-barreto-defende-retorno-da-obrigatoriedade-de-orcamento-de-2-para-ueg","status":"publish","type":"post","link":"https:\/\/tallesbarreto.com.br\/site\/index.php\/2021\/01\/18\/talles-barreto-defende-retorno-da-obrigatoriedade-de-orcamento-de-2-para-ueg\/","title":{"rendered":"Talles Barreto defende retorno da obrigatoriedade de or\u00e7amento de 2% para UEG"},"content":{"rendered":"\n<h1><\/h1>\n\n\n\n<figure class=\"wp-block-image\"><img loading=\"lazy\" width=\"620\" height=\"350\" src=\"https:\/\/i0.wp.com\/tallesbarreto.com.br\/site\/wp-content\/uploads\/2021\/02\/0-3-3-620x350.jpeg?resize=620%2C350&#038;ssl=1\" alt=\"\" class=\"wp-image-961\" srcset=\"https:\/\/i0.wp.com\/tallesbarreto.com.br\/site\/wp-content\/uploads\/2021\/02\/0-3-3-620x350.jpeg?resize=620%2C350&amp;ssl=1 620w, https:\/\/i0.wp.com\/tallesbarreto.com.br\/site\/wp-content\/uploads\/2021\/02\/0-3-3-620x350.jpeg?resize=300%2C169&amp;ssl=1 300w\" sizes=\"(max-width: 620px) 100vw, 620px\" data-recalc-dims=\"1\" \/><\/figure>\n\n\n\n<p>Talles Barreto manifestou a favor da emenda do deputado Karlos Cabral (PDT) que pede o retorno da obrigatoriedade da destina\u00e7\u00e3o de 2% dos recursos da educa\u00e7\u00e3o para a Universidades Estadual de Goi\u00e1s (UEG).<\/p>\n\n\n\n<p>A proposta foi discutida na sess\u00e3o extraordin\u00e1ria desta segunda-feira (18) na Assembleia Legislativa, quando se iniciou aprecia\u00e7\u00e3o da Lei Or\u00e7ament\u00e1ria Anual (LOA) de 2021.\u201cA UEG sobrevive com menos da metade do que precisaria. Dessa forma, n\u00e3o vai conseguir se manter. Independente de quem construiu, a UEG \u00e9 um patrim\u00f4nio de todos os goianos\u201d, \u00a0pontuou  Barreto.<\/p>\n","protected":false},"excerpt":{"rendered":"<p>Talles Barreto manifestou a favor da emenda do deputado Karlos Cabral (PDT) que pede o retorno da obrigatoriedade da destina\u00e7\u00e3o de 2% dos recursos da educa\u00e7\u00e3o para a Universidades Estadual de Goi\u00e1s (UEG). A proposta foi discutida na sess\u00e3o extraordin\u00e1ria desta segunda-feira (18) na Assembleia Legislativa, quando se iniciou aprecia\u00e7\u00e3o da Lei Or\u00e7ament\u00e1ria Anual (LOA) [&hellip;]<\/p>\n","protected":false},"author":3,"featured_media":0,"comment_status":"closed","ping_status":"open","sticky":false,"template":"","format":"standard","meta":{"spay_email":""},"categories":[11],"tags":[],"yoast_head":"<!-- This site is optimized with the Yoast SEO plugin v19.4 - https:\/\/yoast.com\/wordpress\/plugins\/seo\/ -->\n<title>Talles Barreto defende retorno da obrigatoriedade de or\u00e7amento de 2% para UEG - Deputado Estadual Talles Barreto<\/title>\n<meta name=\"robots\" content=\"index, follow, max-snippet:-1, max-image-preview:large, max-video-preview:-1\" \/>\n<link rel=\"canonical\" href=\"https:\/\/tallesbarreto.com.br\/site\/index.php\/2021\/01\/18\/talles-barreto-defende-retorno-da-obrigatoriedade-de-orcamento-de-2-para-ueg\/\" \/>\n<meta property=\"og:locale\" content=\"pt_BR\" \/>\n<meta property=\"og:type\" content=\"article\" \/>\n<meta property=\"og:title\" content=\"Talles Barreto defende retorno da obrigatoriedade de or\u00e7amento de 2% para UEG - Deputado Estadual Talles Barreto\" \/>\n<meta property=\"og:description\" content=\"Talles Barreto manifestou a favor da emenda do deputado Karlos Cabral (PDT) que pede o retorno da obrigatoriedade da destina\u00e7\u00e3o de 2% dos recursos da educa\u00e7\u00e3o para a Universidades Estadual de Goi\u00e1s (UEG). A proposta foi discutida na sess\u00e3o extraordin\u00e1ria desta segunda-feira (18) na Assembleia Legislativa, quando se iniciou aprecia\u00e7\u00e3o da Lei Or\u00e7ament\u00e1ria Anual (LOA) [&hellip;]\" \/>\n<meta property=\"og:url\" content=\"https:\/\/tallesbarreto.com.br\/site\/index.php\/2021\/01\/18\/talles-barreto-defende-retorno-da-obrigatoriedade-de-orcamento-de-2-para-ueg\/\" \/>\n<meta property=\"og:site_name\" content=\"Deputado Estadual Talles Barreto\" \/>\n<meta property=\"article:publisher\" content=\"https:\/\/www.facebook.com\/deputadotallesbarreto\/\" \/>\n<meta property=\"article:published_time\" content=\"2021-01-18T14:16:27+00:00\" \/>\n<meta property=\"article:modified_time\" content=\"2021-02-03T14:18:32+00:00\" \/>\n<meta property=\"og:image\" content=\"https:\/\/tallesbarreto.com.br\/site\/wp-content\/uploads\/2021\/02\/0-3-3-620x350.jpeg\" \/>\n<meta name=\"author\" content=\"brunna\" \/>\n<meta name=\"twitter:card\" content=\"summary_large_image\" \/>\n<meta name=\"twitter:creator\" content=\"@talles_barreto\" \/>\n<meta name=\"twitter:site\" content=\"@talles_barreto\" \/>\n<meta name=\"twitter:label1\" content=\"Escrito por\" \/>\n\t<meta name=\"twitter:data1\" content=\"brunna\" \/>\n<script type=\"application\/ld+json\" class=\"yoast-schema-graph\">{\"@context\":\"https:\/\/schema.org\",\"@graph\":[{\"@type\":\"Organization\",\"@id\":\"https:\/\/tallesbarreto.com.br\/site\/#organization\",\"name\":\"Deputado Estadual Talles Barreto\",\"url\":\"https:\/\/tallesbarreto.com.br\/site\/\",\"sameAs\":[\"https:\/\/www.instagram.com\/deputadotallesbarreto\/\",\"https:\/\/www.facebook.com\/deputadotallesbarreto\/\",\"https:\/\/twitter.com\/talles_barreto\"],\"logo\":{\"@type\":\"ImageObject\",\"inLanguage\":\"pt-BR\",\"@id\":\"https:\/\/tallesbarreto.com.br\/site\/#\/schema\/logo\/image\/\",\"url\":\"https:\/\/tallesbarreto.com.br\/site\/wp-content\/uploads\/2019\/09\/logo-1.png\",\"contentUrl\":\"https:\/\/tallesbarreto.com.br\/site\/wp-content\/uploads\/2019\/09\/logo-1.png\",\"width\":2481,\"height\":1226,\"caption\":\"Deputado Estadual Talles Barreto\"},\"image\":{\"@id\":\"https:\/\/tallesbarreto.com.br\/site\/#\/schema\/logo\/image\/\"}},{\"@type\":\"WebSite\",\"@id\":\"https:\/\/tallesbarreto.com.br\/site\/#website\",\"url\":\"https:\/\/tallesbarreto.com.br\/site\/\",\"name\":\"Deputado Estadual Talles Barreto\",\"description\":\"\",\"publisher\":{\"@id\":\"https:\/\/tallesbarreto.com.br\/site\/#organization\"},\"potentialAction\":[{\"@type\":\"SearchAction\",\"target\":{\"@type\":\"EntryPoint\",\"urlTemplate\":\"https:\/\/tallesbarreto.com.br\/site\/?s={search_term_string}\"},\"query-input\":\"required name=search_term_string\"}],\"inLanguage\":\"pt-BR\"},{\"@type\":\"WebPage\",\"@id\":\"https:\/\/tallesbarreto.com.br\/site\/index.php\/2021\/01\/18\/talles-barreto-defende-retorno-da-obrigatoriedade-de-orcamento-de-2-para-ueg\/\",\"url\":\"https:\/\/tallesbarreto.com.br\/site\/index.php\/2021\/01\/18\/talles-barreto-defende-retorno-da-obrigatoriedade-de-orcamento-de-2-para-ueg\/\",\"name\":\"Talles Barreto defende retorno da obrigatoriedade de or\u00e7amento de 2% para UEG - Deputado Estadual Talles Barreto\",\"isPartOf\":{\"@id\":\"https:\/\/tallesbarreto.com.br\/site\/#website\"},\"datePublished\":\"2021-01-18T14:16:27+00:00\",\"dateModified\":\"2021-02-03T14:18:32+00:00\",\"breadcrumb\":{\"@id\":\"https:\/\/tallesbarreto.com.br\/site\/index.php\/2021\/01\/18\/talles-barreto-defende-retorno-da-obrigatoriedade-de-orcamento-de-2-para-ueg\/#breadcrumb\"},\"inLanguage\":\"pt-BR\",\"potentialAction\":[{\"@type\":\"ReadAction\",\"target\":[\"https:\/\/tallesbarreto.com.br\/site\/index.php\/2021\/01\/18\/talles-barreto-defende-retorno-da-obrigatoriedade-de-orcamento-de-2-para-ueg\/\"]}]},{\"@type\":\"BreadcrumbList\",\"@id\":\"https:\/\/tallesbarreto.com.br\/site\/index.php\/2021\/01\/18\/talles-barreto-defende-retorno-da-obrigatoriedade-de-orcamento-de-2-para-ueg\/#breadcrumb\",\"itemListElement\":[{\"@type\":\"ListItem\",\"position\":1,\"name\":\"In\u00edcio\",\"item\":\"https:\/\/tallesbarreto.com.br\/site\/\"},{\"@type\":\"ListItem\",\"position\":2,\"name\":\"Talles Barreto defende retorno da obrigatoriedade de or\u00e7amento de 2% para UEG\"}]},{\"@type\":\"Article\",\"@id\":\"https:\/\/tallesbarreto.com.br\/site\/index.php\/2021\/01\/18\/talles-barreto-defende-retorno-da-obrigatoriedade-de-orcamento-de-2-para-ueg\/#article\",\"isPartOf\":{\"@id\":\"https:\/\/tallesbarreto.com.br\/site\/index.php\/2021\/01\/18\/talles-barreto-defende-retorno-da-obrigatoriedade-de-orcamento-de-2-para-ueg\/\"},\"author\":{\"name\":\"brunna\",\"@id\":\"https:\/\/tallesbarreto.com.br\/site\/#\/schema\/person\/5bea009e77796979c19941ebd38a4886\"},\"headline\":\"Talles Barreto defende retorno da obrigatoriedade de or\u00e7amento de 2% para UEG\",\"datePublished\":\"2021-01-18T14:16:27+00:00\",\"dateModified\":\"2021-02-03T14:18:32+00:00\",\"mainEntityOfPage\":{\"@id\":\"https:\/\/tallesbarreto.com.br\/site\/index.php\/2021\/01\/18\/talles-barreto-defende-retorno-da-obrigatoriedade-de-orcamento-de-2-para-ueg\/\"},\"wordCount\":107,\"publisher\":{\"@id\":\"https:\/\/tallesbarreto.com.br\/site\/#organization\"},\"articleSection\":[\"Em Destaque\"],\"inLanguage\":\"pt-BR\"},{\"@type\":\"Person\",\"@id\":\"https:\/\/tallesbarreto.com.br\/site\/#\/schema\/person\/5bea009e77796979c19941ebd38a4886\",\"name\":\"brunna\",\"image\":{\"@type\":\"ImageObject\",\"inLanguage\":\"pt-BR\",\"@id\":\"https:\/\/tallesbarreto.com.br\/site\/#\/schema\/person\/image\/\",\"url\":\"https:\/\/secure.gravatar.com\/avatar\/9f437887eff5a42295e1b9835aeb67b4?s=96&d=mm&r=g\",\"contentUrl\":\"https:\/\/secure.gravatar.com\/avatar\/9f437887eff5a42295e1b9835aeb67b4?s=96&d=mm&r=g\",\"caption\":\"brunna\"},\"url\":\"https:\/\/tallesbarreto.com.br\/site\/index.php\/author\/brunna\/\"}]}<\/script>\n<!-- \/ Yoast SEO plugin. -->","yoast_head_json":{"title":"Talles Barreto defende retorno da obrigatoriedade de or\u00e7amento de 2% para UEG - Deputado Estadual Talles Barreto","robots":{"index":"index","follow":"follow","max-snippet":"max-snippet:-1","max-image-preview":"max-image-preview:large","max-video-preview":"max-video-preview:-1"},"canonical":"https:\/\/tallesbarreto.com.br\/site\/index.php\/2021\/01\/18\/talles-barreto-defende-retorno-da-obrigatoriedade-de-orcamento-de-2-para-ueg\/","og_locale":"pt_BR","og_type":"article","og_title":"Talles Barreto defende retorno da obrigatoriedade de or\u00e7amento de 2% para UEG - Deputado Estadual Talles Barreto","og_description":"Talles Barreto manifestou a favor da emenda do deputado Karlos Cabral (PDT) que pede o retorno da obrigatoriedade da destina\u00e7\u00e3o de 2% dos recursos da educa\u00e7\u00e3o para a Universidades Estadual de Goi\u00e1s (UEG). A proposta foi discutida na sess\u00e3o extraordin\u00e1ria desta segunda-feira (18) na Assembleia Legislativa, quando se iniciou aprecia\u00e7\u00e3o da Lei Or\u00e7ament\u00e1ria Anual (LOA) [&hellip;]","og_url":"https:\/\/tallesbarreto.com.br\/site\/index.php\/2021\/01\/18\/talles-barreto-defende-retorno-da-obrigatoriedade-de-orcamento-de-2-para-ueg\/","og_site_name":"Deputado Estadual Talles Barreto","article_publisher":"https:\/\/www.facebook.com\/deputadotallesbarreto\/","article_published_time":"2021-01-18T14:16:27+00:00","article_modified_time":"2021-02-03T14:18:32+00:00","og_image":[{"url":"https:\/\/tallesbarreto.com.br\/site\/wp-content\/uploads\/2021\/02\/0-3-3-620x350.jpeg"}],"author":"brunna","twitter_card":"summary_large_image","twitter_creator":"@talles_barreto","twitter_site":"@talles_barreto","twitter_misc":{"Escrito por":"brunna"},"schema":{"@context":"https:\/\/schema.org","@graph":[{"@type":"Organization","@id":"https:\/\/tallesbarreto.com.br\/site\/#organization","name":"Deputado Estadual Talles Barreto","url":"https:\/\/tallesbarreto.com.br\/site\/","sameAs":["https:\/\/www.instagram.com\/deputadotallesbarreto\/","https:\/\/www.facebook.com\/deputadotallesbarreto\/","https:\/\/twitter.com\/talles_barreto"],"logo":{"@type":"ImageObject","inLanguage":"pt-BR","@id":"https:\/\/tallesbarreto.com.br\/site\/#\/schema\/logo\/image\/","url":"https:\/\/tallesbarreto.com.br\/site\/wp-content\/uploads\/2019\/09\/logo-1.png","contentUrl":"https:\/\/tallesbarreto.com.br\/site\/wp-content\/uploads\/2019\/09\/logo-1.png","width":2481,"height":1226,"caption":"Deputado Estadual Talles Barreto"},"image":{"@id":"https:\/\/tallesbarreto.com.br\/site\/#\/schema\/logo\/image\/"}},{"@type":"WebSite","@id":"https:\/\/tallesbarreto.com.br\/site\/#website","url":"https:\/\/tallesbarreto.com.br\/site\/","name":"Deputado Estadual Talles Barreto","description":"","publisher":{"@id":"https:\/\/tallesbarreto.com.br\/site\/#organization"},"potentialAction":[{"@type":"SearchAction","target":{"@type":"EntryPoint","urlTemplate":"https:\/\/tallesbarreto.com.br\/site\/?s={search_term_string}"},"query-input":"required name=search_term_string"}],"inLanguage":"pt-BR"},{"@type":"WebPage","@id":"https:\/\/tallesbarreto.com.br\/site\/index.php\/2021\/01\/18\/talles-barreto-defende-retorno-da-obrigatoriedade-de-orcamento-de-2-para-ueg\/","url":"https:\/\/tallesbarreto.com.br\/site\/index.php\/2021\/01\/18\/talles-barreto-defende-retorno-da-obrigatoriedade-de-orcamento-de-2-para-ueg\/","name":"Talles Barreto defende retorno da obrigatoriedade de or\u00e7amento de 2% para UEG - Deputado Estadual Talles Barreto","isPartOf":{"@id":"https:\/\/tallesbarreto.com.br\/site\/#website"},"datePublished":"2021-01-18T14:16:27+00:00","dateModified":"2021-02-03T14:18:32+00:00","breadcrumb":{"@id":"https:\/\/tallesbarreto.com.br\/site\/index.php\/2021\/01\/18\/talles-barreto-defende-retorno-da-obrigatoriedade-de-orcamento-de-2-para-ueg\/#breadcrumb"},"inLanguage":"pt-BR","potentialAction":[{"@type":"ReadAction","target":["https:\/\/tallesbarreto.com.br\/site\/index.php\/2021\/01\/18\/talles-barreto-defende-retorno-da-obrigatoriedade-de-orcamento-de-2-para-ueg\/"]}]},{"@type":"BreadcrumbList","@id":"https:\/\/tallesbarreto.com.br\/site\/index.php\/2021\/01\/18\/talles-barreto-defende-retorno-da-obrigatoriedade-de-orcamento-de-2-para-ueg\/#breadcrumb","itemListElement":[{"@type":"ListItem","position":1,"name":"In\u00edcio","item":"https:\/\/tallesbarreto.com.br\/site\/"},{"@type":"ListItem","position":2,"name":"Talles Barreto defende retorno da obrigatoriedade de or\u00e7amento de 2% para UEG"}]},{"@type":"Article","@id":"https:\/\/tallesbarreto.com.br\/site\/index.php\/2021\/01\/18\/talles-barreto-defende-retorno-da-obrigatoriedade-de-orcamento-de-2-para-ueg\/#article","isPartOf":{"@id":"https:\/\/tallesbarreto.com.br\/site\/index.php\/2021\/01\/18\/talles-barreto-defende-retorno-da-obrigatoriedade-de-orcamento-de-2-para-ueg\/"},"author":{"name":"brunna","@id":"https:\/\/tallesbarreto.com.br\/site\/#\/schema\/person\/5bea009e77796979c19941ebd38a4886"},"headline":"Talles Barreto defende retorno da obrigatoriedade de or\u00e7amento de 2% para UEG","datePublished":"2021-01-18T14:16:27+00:00","dateModified":"2021-02-03T14:18:32+00:00","mainEntityOfPage":{"@id":"https:\/\/tallesbarreto.com.br\/site\/index.php\/2021\/01\/18\/talles-barreto-defende-retorno-da-obrigatoriedade-de-orcamento-de-2-para-ueg\/"},"wordCount":107,"publisher":{"@id":"https:\/\/tallesbarreto.com.br\/site\/#organization"},"articleSection":["Em Destaque"],"inLanguage":"pt-BR"},{"@type":"Person","@id":"https:\/\/tallesbarreto.com.br\/site\/#\/schema\/person\/5bea009e77796979c19941ebd38a4886","name":"brunna","image":{"@type":"ImageObject","inLanguage":"pt-BR","@id":"https:\/\/tallesbarreto.com.br\/site\/#\/schema\/person\/image\/","url":"https:\/\/secure.gravatar.com\/avatar\/9f437887eff5a42295e1b9835aeb67b4?s=96&d=mm&r=g","contentUrl":"https:\/\/secure.gravatar.com\/avatar\/9f437887eff5a42295e1b9835aeb67b4?s=96&d=mm&r=g","caption":"brunna"},"url":"https:\/\/tallesbarreto.com.br\/site\/index.php\/author\/brunna\/"}]}},"jetpack_featured_media_url":"","_links":{"self":[{"href":"https:\/\/tallesbarreto.com.br\/site\/index.php\/wp-json\/wp\/v2\/posts\/960"}],"collection":[{"href":"https:\/\/tallesbarreto.com.br\/site\/index.php\/wp-json\/wp\/v2\/posts"}],"about":[{"href":"https:\/\/tallesbarreto.com.br\/site\/index.php\/wp-json\/wp\/v2\/types\/post"}],"author":[{"embeddable":true,"href":"https:\/\/tallesbarreto.com.br\/site\/index.php\/wp-json\/wp\/v2\/users\/3"}],"replies":[{"embeddable":true,"href":"https:\/\/tallesbarreto.com.br\/site\/index.php\/wp-json\/wp\/v2\/comments?post=960"}],"version-history":[{"count":1,"href":"https:\/\/tallesbarreto.com.br\/site\/index.php\/wp-json\/wp\/v2\/posts\/960\/revisions"}],"predecessor-version":[{"id":962,"href":"https:\/\/tallesbarreto.com.br\/site\/index.php\/wp-json\/wp\/v2\/posts\/960\/revisions\/962"}],"wp:attachment":[{"href":"https:\/\/tallesbarreto.com.br\/site\/index.php\/wp-json\/wp\/v2\/media?parent=960"}],"wp:term":[{"taxonomy":"category","embeddable":true,"href":"https:\/\/tallesbarreto.com.br\/site\/index.php\/wp-json\/wp\/v2\/categories?post=960"},{"taxonomy":"post_tag","embeddable":true,"href":"https:\/\/tallesbarreto.com.br\/site\/index.php\/wp-json\/wp\/v2\/tags?post=960"}],"curies":[{"name":"wp","href":"https:\/\/api.w.org\/{rel}","templated":true}]}}