{"id":904,"date":"2020-08-07T10:26:40","date_gmt":"2020-08-07T13:26:40","guid":{"rendered":"https:\/\/tallesbarreto.com.br\/site\/?p=904"},"modified":"2020-08-13T10:27:47","modified_gmt":"2020-08-13T13:27:47","slug":"projeto-de-lei-que-dispoe-sobre-medidas-para-realizacao-da-prova-de-vida-dos-beneficiarios-do-inss-e-apresentado-por-talles-barreto","status":"publish","type":"post","link":"https:\/\/tallesbarreto.com.br\/site\/index.php\/2020\/08\/07\/projeto-de-lei-que-dispoe-sobre-medidas-para-realizacao-da-prova-de-vida-dos-beneficiarios-do-inss-e-apresentado-por-talles-barreto\/","title":{"rendered":"Projeto de lei que disp\u00f5e sobre medidas para realiza\u00e7\u00e3o da prova de vida dos benefici\u00e1rios do INSS \u00e9 apresentado por Talles Barreto"},"content":{"rendered":"\n<figure class=\"wp-block-image\"><img loading=\"lazy\" width=\"648\" height=\"432\" src=\"https:\/\/i0.wp.com\/tallesbarreto.com.br\/site\/wp-content\/uploads\/2020\/08\/117261016_1016890475396107_3073315734968336970_n.jpg?resize=648%2C432&#038;ssl=1\" alt=\"\" class=\"wp-image-905\" srcset=\"https:\/\/i0.wp.com\/tallesbarreto.com.br\/site\/wp-content\/uploads\/2020\/08\/117261016_1016890475396107_3073315734968336970_n.jpg?w=960&amp;ssl=1 960w, https:\/\/i0.wp.com\/tallesbarreto.com.br\/site\/wp-content\/uploads\/2020\/08\/117261016_1016890475396107_3073315734968336970_n.jpg?resize=300%2C200&amp;ssl=1 300w, https:\/\/i0.wp.com\/tallesbarreto.com.br\/site\/wp-content\/uploads\/2020\/08\/117261016_1016890475396107_3073315734968336970_n.jpg?resize=768%2C512&amp;ssl=1 768w\" sizes=\"(max-width: 648px) 100vw, 648px\" data-recalc-dims=\"1\" \/><\/figure>\n\n\n\n<p>  A Prova de Vida \u00e9 uma exig\u00eancia do Instituto Nacional do Seguro Social (INSS), deve ser feita todo ano por quem recebe um ou mais benef\u00edcios do INSS e quem n\u00e3o faz a prova de vida, tem o benef\u00edcio bloqueado. Nesse vi\u00e9s, o deputado estadual Talles Barreto apresentou projeto de lei que disp\u00f5e sobre medidas para realiza\u00e7\u00e3o da prova de vida dos benefici\u00e1rios do instituto.  A mat\u00e9ria prop\u00f5e que as institui\u00e7\u00f5es banc\u00e1rias, que realizam o pagamento dos benef\u00edcios do INSS, adotem medidas para facilitar a realiza\u00e7\u00e3o da prova de vida dos aposentados e pensionistas dentre elas est\u00e3o: a disponibiliza\u00e7\u00e3o pelo estabelecimento de cadeira de rodas com a garantia de acessibilidade de todas as maneiras poss\u00edveis aos benefici\u00e1rios com dificuldade de locomo\u00e7\u00e3o ou outros tipos de limita\u00e7\u00f5es f\u00edsicas. \u201cEsse projeto \u00e9 de grande import\u00e2ncia, pois \u00e9 de conhecimento de todos que grande parte dos benefici\u00e1rios do INSS podem estar acometidos de formas incapacitantes graves, que os impossibilitam de ir ao banco fazer sua prova de vida. Em outros casos ainda, h\u00e1 os conseguem com grande dificuldade se deslocar, mas encontram obst\u00e1culos de locomo\u00e7\u00e3o e acessibilidade em raz\u00e3o da idade e suas comorbidades\u201d, frisou Talles.  <\/p>\n\n\n\n<p>Em casos de total impossibilidade do benefici\u00e1rio em comparecer a ag\u00eancia banc\u00e1ria, a mat\u00e9ria prop\u00f5e que o banco envie respons\u00e1vel para realizar a prova de vida onde estiver o benefici\u00e1rio, seja em sua resid\u00eancia, asilo, abrigo ou hospital. Nos casos ainda mais extremos, caso seja poss\u00edvel de acordo com os recursos tecnol\u00f3gicos dispon\u00edveis na institui\u00e7\u00e3o banc\u00e1ria, que ela possa possibilitar aos benefici\u00e1rios que a prova de vida seja realizada de maneira remota, com aux\u00edlio de tecnologia, proporcionando maior comodidade aos aposentados e pensionistas, promovendo a humaniza\u00e7\u00e3o e qualifica\u00e7\u00e3o deste servi\u00e7o. <\/p>\n","protected":false},"excerpt":{"rendered":"<p>A Prova de Vida \u00e9 uma exig\u00eancia do Instituto Nacional do Seguro Social (INSS), deve ser feita todo ano por quem recebe um ou mais benef\u00edcios do INSS e quem n\u00e3o faz a prova de vida, tem o benef\u00edcio bloqueado. Nesse vi\u00e9s, o deputado estadual Talles Barreto apresentou projeto de lei que disp\u00f5e sobre medidas [&hellip;]<\/p>\n","protected":false},"author":3,"featured_media":0,"comment_status":"closed","ping_status":"open","sticky":false,"template":"","format":"standard","meta":{"spay_email":""},"categories":[12],"tags":[],"yoast_head":"<!-- This site is optimized with the Yoast SEO plugin v19.4 - https:\/\/yoast.com\/wordpress\/plugins\/seo\/ -->\n<title>Projeto de lei que disp\u00f5e sobre medidas para realiza\u00e7\u00e3o da prova de vida dos benefici\u00e1rios do INSS \u00e9 apresentado por Talles Barreto - Deputado Estadual Talles Barreto<\/title>\n<meta name=\"robots\" content=\"index, follow, max-snippet:-1, max-image-preview:large, max-video-preview:-1\" \/>\n<link rel=\"canonical\" href=\"https:\/\/tallesbarreto.com.br\/site\/index.php\/2020\/08\/07\/projeto-de-lei-que-dispoe-sobre-medidas-para-realizacao-da-prova-de-vida-dos-beneficiarios-do-inss-e-apresentado-por-talles-barreto\/\" \/>\n<meta property=\"og:locale\" content=\"pt_BR\" \/>\n<meta property=\"og:type\" content=\"article\" \/>\n<meta property=\"og:title\" content=\"Projeto de lei que disp\u00f5e sobre medidas para realiza\u00e7\u00e3o da prova de vida dos benefici\u00e1rios do INSS \u00e9 apresentado por Talles Barreto - Deputado Estadual Talles Barreto\" \/>\n<meta property=\"og:description\" content=\"A Prova de Vida \u00e9 uma exig\u00eancia do Instituto Nacional do Seguro Social (INSS), deve ser feita todo ano por quem recebe um ou mais benef\u00edcios do INSS e quem n\u00e3o faz a prova de vida, tem o benef\u00edcio bloqueado. Nesse vi\u00e9s, o deputado estadual Talles Barreto apresentou projeto de lei que disp\u00f5e sobre medidas [&hellip;]\" \/>\n<meta property=\"og:url\" content=\"https:\/\/tallesbarreto.com.br\/site\/index.php\/2020\/08\/07\/projeto-de-lei-que-dispoe-sobre-medidas-para-realizacao-da-prova-de-vida-dos-beneficiarios-do-inss-e-apresentado-por-talles-barreto\/\" \/>\n<meta property=\"og:site_name\" content=\"Deputado Estadual Talles Barreto\" \/>\n<meta property=\"article:publisher\" content=\"https:\/\/www.facebook.com\/deputadotallesbarreto\/\" \/>\n<meta property=\"article:published_time\" content=\"2020-08-07T13:26:40+00:00\" \/>\n<meta property=\"article:modified_time\" content=\"2020-08-13T13:27:47+00:00\" \/>\n<meta property=\"og:image\" content=\"https:\/\/tallesbarreto.com.br\/site\/wp-content\/uploads\/2020\/08\/117261016_1016890475396107_3073315734968336970_n.jpg\" \/>\n<meta name=\"author\" content=\"brunna\" \/>\n<meta name=\"twitter:card\" content=\"summary_large_image\" \/>\n<meta name=\"twitter:creator\" content=\"@talles_barreto\" \/>\n<meta name=\"twitter:site\" content=\"@talles_barreto\" \/>\n<meta name=\"twitter:label1\" content=\"Escrito por\" \/>\n\t<meta name=\"twitter:data1\" content=\"brunna\" \/>\n\t<meta name=\"twitter:label2\" content=\"Est. tempo de leitura\" \/>\n\t<meta name=\"twitter:data2\" content=\"2 minutos\" \/>\n<script type=\"application\/ld+json\" class=\"yoast-schema-graph\">{\"@context\":\"https:\/\/schema.org\",\"@graph\":[{\"@type\":\"Organization\",\"@id\":\"https:\/\/tallesbarreto.com.br\/site\/#organization\",\"name\":\"Deputado Estadual Talles Barreto\",\"url\":\"https:\/\/tallesbarreto.com.br\/site\/\",\"sameAs\":[\"https:\/\/www.instagram.com\/deputadotallesbarreto\/\",\"https:\/\/www.facebook.com\/deputadotallesbarreto\/\",\"https:\/\/twitter.com\/talles_barreto\"],\"logo\":{\"@type\":\"ImageObject\",\"inLanguage\":\"pt-BR\",\"@id\":\"https:\/\/tallesbarreto.com.br\/site\/#\/schema\/logo\/image\/\",\"url\":\"https:\/\/tallesbarreto.com.br\/site\/wp-content\/uploads\/2019\/09\/logo-1.png\",\"contentUrl\":\"https:\/\/tallesbarreto.com.br\/site\/wp-content\/uploads\/2019\/09\/logo-1.png\",\"width\":2481,\"height\":1226,\"caption\":\"Deputado Estadual Talles Barreto\"},\"image\":{\"@id\":\"https:\/\/tallesbarreto.com.br\/site\/#\/schema\/logo\/image\/\"}},{\"@type\":\"WebSite\",\"@id\":\"https:\/\/tallesbarreto.com.br\/site\/#website\",\"url\":\"https:\/\/tallesbarreto.com.br\/site\/\",\"name\":\"Deputado Estadual Talles Barreto\",\"description\":\"\",\"publisher\":{\"@id\":\"https:\/\/tallesbarreto.com.br\/site\/#organization\"},\"potentialAction\":[{\"@type\":\"SearchAction\",\"target\":{\"@type\":\"EntryPoint\",\"urlTemplate\":\"https:\/\/tallesbarreto.com.br\/site\/?s={search_term_string}\"},\"query-input\":\"required name=search_term_string\"}],\"inLanguage\":\"pt-BR\"},{\"@type\":\"WebPage\",\"@id\":\"https:\/\/tallesbarreto.com.br\/site\/index.php\/2020\/08\/07\/projeto-de-lei-que-dispoe-sobre-medidas-para-realizacao-da-prova-de-vida-dos-beneficiarios-do-inss-e-apresentado-por-talles-barreto\/\",\"url\":\"https:\/\/tallesbarreto.com.br\/site\/index.php\/2020\/08\/07\/projeto-de-lei-que-dispoe-sobre-medidas-para-realizacao-da-prova-de-vida-dos-beneficiarios-do-inss-e-apresentado-por-talles-barreto\/\",\"name\":\"Projeto de lei que disp\u00f5e sobre medidas para realiza\u00e7\u00e3o da prova de vida dos benefici\u00e1rios do INSS \u00e9 apresentado por Talles Barreto - Deputado Estadual Talles Barreto\",\"isPartOf\":{\"@id\":\"https:\/\/tallesbarreto.com.br\/site\/#website\"},\"datePublished\":\"2020-08-07T13:26:40+00:00\",\"dateModified\":\"2020-08-13T13:27:47+00:00\",\"breadcrumb\":{\"@id\":\"https:\/\/tallesbarreto.com.br\/site\/index.php\/2020\/08\/07\/projeto-de-lei-que-dispoe-sobre-medidas-para-realizacao-da-prova-de-vida-dos-beneficiarios-do-inss-e-apresentado-por-talles-barreto\/#breadcrumb\"},\"inLanguage\":\"pt-BR\",\"potentialAction\":[{\"@type\":\"ReadAction\",\"target\":[\"https:\/\/tallesbarreto.com.br\/site\/index.php\/2020\/08\/07\/projeto-de-lei-que-dispoe-sobre-medidas-para-realizacao-da-prova-de-vida-dos-beneficiarios-do-inss-e-apresentado-por-talles-barreto\/\"]}]},{\"@type\":\"BreadcrumbList\",\"@id\":\"https:\/\/tallesbarreto.com.br\/site\/index.php\/2020\/08\/07\/projeto-de-lei-que-dispoe-sobre-medidas-para-realizacao-da-prova-de-vida-dos-beneficiarios-do-inss-e-apresentado-por-talles-barreto\/#breadcrumb\",\"itemListElement\":[{\"@type\":\"ListItem\",\"position\":1,\"name\":\"In\u00edcio\",\"item\":\"https:\/\/tallesbarreto.com.br\/site\/\"},{\"@type\":\"ListItem\",\"position\":2,\"name\":\"Projeto de lei que disp\u00f5e sobre medidas para realiza\u00e7\u00e3o da prova de vida dos benefici\u00e1rios do INSS \u00e9 apresentado por Talles Barreto\"}]},{\"@type\":\"Article\",\"@id\":\"https:\/\/tallesbarreto.com.br\/site\/index.php\/2020\/08\/07\/projeto-de-lei-que-dispoe-sobre-medidas-para-realizacao-da-prova-de-vida-dos-beneficiarios-do-inss-e-apresentado-por-talles-barreto\/#article\",\"isPartOf\":{\"@id\":\"https:\/\/tallesbarreto.com.br\/site\/index.php\/2020\/08\/07\/projeto-de-lei-que-dispoe-sobre-medidas-para-realizacao-da-prova-de-vida-dos-beneficiarios-do-inss-e-apresentado-por-talles-barreto\/\"},\"author\":{\"name\":\"brunna\",\"@id\":\"https:\/\/tallesbarreto.com.br\/site\/#\/schema\/person\/5bea009e77796979c19941ebd38a4886\"},\"headline\":\"Projeto de lei que disp\u00f5e sobre medidas para realiza\u00e7\u00e3o da prova de vida dos benefici\u00e1rios do INSS \u00e9 apresentado por Talles Barreto\",\"datePublished\":\"2020-08-07T13:26:40+00:00\",\"dateModified\":\"2020-08-13T13:27:47+00:00\",\"mainEntityOfPage\":{\"@id\":\"https:\/\/tallesbarreto.com.br\/site\/index.php\/2020\/08\/07\/projeto-de-lei-que-dispoe-sobre-medidas-para-realizacao-da-prova-de-vida-dos-beneficiarios-do-inss-e-apresentado-por-talles-barreto\/\"},\"wordCount\":348,\"publisher\":{\"@id\":\"https:\/\/tallesbarreto.com.br\/site\/#organization\"},\"articleSection\":[\"Saiu na M\u00eddia\"],\"inLanguage\":\"pt-BR\"},{\"@type\":\"Person\",\"@id\":\"https:\/\/tallesbarreto.com.br\/site\/#\/schema\/person\/5bea009e77796979c19941ebd38a4886\",\"name\":\"brunna\",\"image\":{\"@type\":\"ImageObject\",\"inLanguage\":\"pt-BR\",\"@id\":\"https:\/\/tallesbarreto.com.br\/site\/#\/schema\/person\/image\/\",\"url\":\"https:\/\/secure.gravatar.com\/avatar\/9f437887eff5a42295e1b9835aeb67b4?s=96&d=mm&r=g\",\"contentUrl\":\"https:\/\/secure.gravatar.com\/avatar\/9f437887eff5a42295e1b9835aeb67b4?s=96&d=mm&r=g\",\"caption\":\"brunna\"},\"url\":\"https:\/\/tallesbarreto.com.br\/site\/index.php\/author\/brunna\/\"}]}<\/script>\n<!-- \/ Yoast SEO plugin. -->","yoast_head_json":{"title":"Projeto de lei que disp\u00f5e sobre medidas para realiza\u00e7\u00e3o da prova de vida dos benefici\u00e1rios do INSS \u00e9 apresentado por Talles Barreto - Deputado Estadual Talles Barreto","robots":{"index":"index","follow":"follow","max-snippet":"max-snippet:-1","max-image-preview":"max-image-preview:large","max-video-preview":"max-video-preview:-1"},"canonical":"https:\/\/tallesbarreto.com.br\/site\/index.php\/2020\/08\/07\/projeto-de-lei-que-dispoe-sobre-medidas-para-realizacao-da-prova-de-vida-dos-beneficiarios-do-inss-e-apresentado-por-talles-barreto\/","og_locale":"pt_BR","og_type":"article","og_title":"Projeto de lei que disp\u00f5e sobre medidas para realiza\u00e7\u00e3o da prova de vida dos benefici\u00e1rios do INSS \u00e9 apresentado por Talles Barreto - Deputado Estadual Talles Barreto","og_description":"A Prova de Vida \u00e9 uma exig\u00eancia do Instituto Nacional do Seguro Social (INSS), deve ser feita todo ano por quem recebe um ou mais benef\u00edcios do INSS e quem n\u00e3o faz a prova de vida, tem o benef\u00edcio bloqueado. Nesse vi\u00e9s, o deputado estadual Talles Barreto apresentou projeto de lei que disp\u00f5e sobre medidas [&hellip;]","og_url":"https:\/\/tallesbarreto.com.br\/site\/index.php\/2020\/08\/07\/projeto-de-lei-que-dispoe-sobre-medidas-para-realizacao-da-prova-de-vida-dos-beneficiarios-do-inss-e-apresentado-por-talles-barreto\/","og_site_name":"Deputado Estadual Talles Barreto","article_publisher":"https:\/\/www.facebook.com\/deputadotallesbarreto\/","article_published_time":"2020-08-07T13:26:40+00:00","article_modified_time":"2020-08-13T13:27:47+00:00","og_image":[{"url":"https:\/\/tallesbarreto.com.br\/site\/wp-content\/uploads\/2020\/08\/117261016_1016890475396107_3073315734968336970_n.jpg"}],"author":"brunna","twitter_card":"summary_large_image","twitter_creator":"@talles_barreto","twitter_site":"@talles_barreto","twitter_misc":{"Escrito por":"brunna","Est. tempo de leitura":"2 minutos"},"schema":{"@context":"https:\/\/schema.org","@graph":[{"@type":"Organization","@id":"https:\/\/tallesbarreto.com.br\/site\/#organization","name":"Deputado Estadual Talles Barreto","url":"https:\/\/tallesbarreto.com.br\/site\/","sameAs":["https:\/\/www.instagram.com\/deputadotallesbarreto\/","https:\/\/www.facebook.com\/deputadotallesbarreto\/","https:\/\/twitter.com\/talles_barreto"],"logo":{"@type":"ImageObject","inLanguage":"pt-BR","@id":"https:\/\/tallesbarreto.com.br\/site\/#\/schema\/logo\/image\/","url":"https:\/\/tallesbarreto.com.br\/site\/wp-content\/uploads\/2019\/09\/logo-1.png","contentUrl":"https:\/\/tallesbarreto.com.br\/site\/wp-content\/uploads\/2019\/09\/logo-1.png","width":2481,"height":1226,"caption":"Deputado Estadual Talles Barreto"},"image":{"@id":"https:\/\/tallesbarreto.com.br\/site\/#\/schema\/logo\/image\/"}},{"@type":"WebSite","@id":"https:\/\/tallesbarreto.com.br\/site\/#website","url":"https:\/\/tallesbarreto.com.br\/site\/","name":"Deputado Estadual Talles Barreto","description":"","publisher":{"@id":"https:\/\/tallesbarreto.com.br\/site\/#organization"},"potentialAction":[{"@type":"SearchAction","target":{"@type":"EntryPoint","urlTemplate":"https:\/\/tallesbarreto.com.br\/site\/?s={search_term_string}"},"query-input":"required name=search_term_string"}],"inLanguage":"pt-BR"},{"@type":"WebPage","@id":"https:\/\/tallesbarreto.com.br\/site\/index.php\/2020\/08\/07\/projeto-de-lei-que-dispoe-sobre-medidas-para-realizacao-da-prova-de-vida-dos-beneficiarios-do-inss-e-apresentado-por-talles-barreto\/","url":"https:\/\/tallesbarreto.com.br\/site\/index.php\/2020\/08\/07\/projeto-de-lei-que-dispoe-sobre-medidas-para-realizacao-da-prova-de-vida-dos-beneficiarios-do-inss-e-apresentado-por-talles-barreto\/","name":"Projeto de lei que disp\u00f5e sobre medidas para realiza\u00e7\u00e3o da prova de vida dos benefici\u00e1rios do INSS \u00e9 apresentado por Talles Barreto - Deputado Estadual Talles Barreto","isPartOf":{"@id":"https:\/\/tallesbarreto.com.br\/site\/#website"},"datePublished":"2020-08-07T13:26:40+00:00","dateModified":"2020-08-13T13:27:47+00:00","breadcrumb":{"@id":"https:\/\/tallesbarreto.com.br\/site\/index.php\/2020\/08\/07\/projeto-de-lei-que-dispoe-sobre-medidas-para-realizacao-da-prova-de-vida-dos-beneficiarios-do-inss-e-apresentado-por-talles-barreto\/#breadcrumb"},"inLanguage":"pt-BR","potentialAction":[{"@type":"ReadAction","target":["https:\/\/tallesbarreto.com.br\/site\/index.php\/2020\/08\/07\/projeto-de-lei-que-dispoe-sobre-medidas-para-realizacao-da-prova-de-vida-dos-beneficiarios-do-inss-e-apresentado-por-talles-barreto\/"]}]},{"@type":"BreadcrumbList","@id":"https:\/\/tallesbarreto.com.br\/site\/index.php\/2020\/08\/07\/projeto-de-lei-que-dispoe-sobre-medidas-para-realizacao-da-prova-de-vida-dos-beneficiarios-do-inss-e-apresentado-por-talles-barreto\/#breadcrumb","itemListElement":[{"@type":"ListItem","position":1,"name":"In\u00edcio","item":"https:\/\/tallesbarreto.com.br\/site\/"},{"@type":"ListItem","position":2,"name":"Projeto de lei que disp\u00f5e sobre medidas para realiza\u00e7\u00e3o da prova de vida dos benefici\u00e1rios do INSS \u00e9 apresentado por Talles Barreto"}]},{"@type":"Article","@id":"https:\/\/tallesbarreto.com.br\/site\/index.php\/2020\/08\/07\/projeto-de-lei-que-dispoe-sobre-medidas-para-realizacao-da-prova-de-vida-dos-beneficiarios-do-inss-e-apresentado-por-talles-barreto\/#article","isPartOf":{"@id":"https:\/\/tallesbarreto.com.br\/site\/index.php\/2020\/08\/07\/projeto-de-lei-que-dispoe-sobre-medidas-para-realizacao-da-prova-de-vida-dos-beneficiarios-do-inss-e-apresentado-por-talles-barreto\/"},"author":{"name":"brunna","@id":"https:\/\/tallesbarreto.com.br\/site\/#\/schema\/person\/5bea009e77796979c19941ebd38a4886"},"headline":"Projeto de lei que disp\u00f5e sobre medidas para realiza\u00e7\u00e3o da prova de vida dos benefici\u00e1rios do INSS \u00e9 apresentado por Talles Barreto","datePublished":"2020-08-07T13:26:40+00:00","dateModified":"2020-08-13T13:27:47+00:00","mainEntityOfPage":{"@id":"https:\/\/tallesbarreto.com.br\/site\/index.php\/2020\/08\/07\/projeto-de-lei-que-dispoe-sobre-medidas-para-realizacao-da-prova-de-vida-dos-beneficiarios-do-inss-e-apresentado-por-talles-barreto\/"},"wordCount":348,"publisher":{"@id":"https:\/\/tallesbarreto.com.br\/site\/#organization"},"articleSection":["Saiu na M\u00eddia"],"inLanguage":"pt-BR"},{"@type":"Person","@id":"https:\/\/tallesbarreto.com.br\/site\/#\/schema\/person\/5bea009e77796979c19941ebd38a4886","name":"brunna","image":{"@type":"ImageObject","inLanguage":"pt-BR","@id":"https:\/\/tallesbarreto.com.br\/site\/#\/schema\/person\/image\/","url":"https:\/\/secure.gravatar.com\/avatar\/9f437887eff5a42295e1b9835aeb67b4?s=96&d=mm&r=g","contentUrl":"https:\/\/secure.gravatar.com\/avatar\/9f437887eff5a42295e1b9835aeb67b4?s=96&d=mm&r=g","caption":"brunna"},"url":"https:\/\/tallesbarreto.com.br\/site\/index.php\/author\/brunna\/"}]}},"jetpack_featured_media_url":"","_links":{"self":[{"href":"https:\/\/tallesbarreto.com.br\/site\/index.php\/wp-json\/wp\/v2\/posts\/904"}],"collection":[{"href":"https:\/\/tallesbarreto.com.br\/site\/index.php\/wp-json\/wp\/v2\/posts"}],"about":[{"href":"https:\/\/tallesbarreto.com.br\/site\/index.php\/wp-json\/wp\/v2\/types\/post"}],"author":[{"embeddable":true,"href":"https:\/\/tallesbarreto.com.br\/site\/index.php\/wp-json\/wp\/v2\/users\/3"}],"replies":[{"embeddable":true,"href":"https:\/\/tallesbarreto.com.br\/site\/index.php\/wp-json\/wp\/v2\/comments?post=904"}],"version-history":[{"count":1,"href":"https:\/\/tallesbarreto.com.br\/site\/index.php\/wp-json\/wp\/v2\/posts\/904\/revisions"}],"predecessor-version":[{"id":906,"href":"https:\/\/tallesbarreto.com.br\/site\/index.php\/wp-json\/wp\/v2\/posts\/904\/revisions\/906"}],"wp:attachment":[{"href":"https:\/\/tallesbarreto.com.br\/site\/index.php\/wp-json\/wp\/v2\/media?parent=904"}],"wp:term":[{"taxonomy":"category","embeddable":true,"href":"https:\/\/tallesbarreto.com.br\/site\/index.php\/wp-json\/wp\/v2\/categories?post=904"},{"taxonomy":"post_tag","embeddable":true,"href":"https:\/\/tallesbarreto.com.br\/site\/index.php\/wp-json\/wp\/v2\/tags?post=904"}],"curies":[{"name":"wp","href":"https:\/\/api.w.org\/{rel}","templated":true}]}}