{"id":570,"date":"2015-12-17T16:29:56","date_gmt":"2015-12-17T18:29:56","guid":{"rendered":"https:\/\/tallesbarreto.com.br\/site\/?p=570"},"modified":"2019-10-16T09:41:14","modified_gmt":"2019-10-16T12:41:14","slug":"campanha-de-conscientizacao-sobre-os-riscos-de-procedimento-com-hidrogel-em-goias","status":"publish","type":"post","link":"https:\/\/tallesbarreto.com.br\/site\/index.php\/2015\/12\/17\/campanha-de-conscientizacao-sobre-os-riscos-de-procedimento-com-hidrogel-em-goias\/","title":{"rendered":"Campanha de conscientiza\u00e7\u00e3o sobre os riscos de procedimento com hidrogel em Goi\u00e1s"},"content":{"rendered":"\n<div class=\"wp-block-image\"><figure class=\"aligncenter\"><img loading=\"lazy\" width=\"648\" height=\"432\" src=\"https:\/\/i0.wp.com\/tallesbarreto.com.br\/site\/wp-content\/uploads\/2019\/09\/patrick-lanza-jYeRt0pJncU-unsplash-min.jpg?resize=648%2C432&#038;ssl=1\" alt=\"\" class=\"wp-image-547\" srcset=\"https:\/\/i0.wp.com\/tallesbarreto.com.br\/site\/wp-content\/uploads\/2019\/09\/patrick-lanza-jYeRt0pJncU-unsplash-min.jpg?resize=1024%2C683&amp;ssl=1 1024w, https:\/\/i0.wp.com\/tallesbarreto.com.br\/site\/wp-content\/uploads\/2019\/09\/patrick-lanza-jYeRt0pJncU-unsplash-min.jpg?resize=300%2C200&amp;ssl=1 300w, https:\/\/i0.wp.com\/tallesbarreto.com.br\/site\/wp-content\/uploads\/2019\/09\/patrick-lanza-jYeRt0pJncU-unsplash-min.jpg?resize=768%2C512&amp;ssl=1 768w, https:\/\/i0.wp.com\/tallesbarreto.com.br\/site\/wp-content\/uploads\/2019\/09\/patrick-lanza-jYeRt0pJncU-unsplash-min.jpg?w=1296&amp;ssl=1 1296w, https:\/\/i0.wp.com\/tallesbarreto.com.br\/site\/wp-content\/uploads\/2019\/09\/patrick-lanza-jYeRt0pJncU-unsplash-min.jpg?w=1944&amp;ssl=1 1944w\" sizes=\"(max-width: 648px) 100vw, 648px\" data-recalc-dims=\"1\" \/><\/figure><\/div>\n\n\n\n<p>Lei  <a rel=\"noreferrer noopener\" href=\"http:\/\/www.gabinetecivil.go.gov.br\/pagina_leis.php?id=19173\" target=\"_blank\">19.116<\/a> Publicada no D.O. de 17-12-2015 <\/p>\n\n\n\n<p>A presente lei visa conscientizar e advertir a popula\u00e7\u00e3o, em especial as mulheres principais usu\u00e1rias de hidrogel sobre as consequ\u00eancias advindas da aplia\u00e7\u00e3o dessa subst\u00e2ncia acima da quantidade permitida pela Ag\u00eancia Nacional de Vigil\u00e2nica Sanit\u00e1ria &#8211; ANVISA, bem como da import\u00e2ncia da pr\u00e1tica de exerc\u00edcios f\u00edsicos para obten\u00e7\u00e3o de um corpo perfeito. o Hidrogel \u00e9 um gel formado por uma rede tridimensional de pol\u00edmeros e copol\u00edmeros hidrof\u00edlicos, composto por \u00e1gua (70% &#8211; 90%), \u00f3xido de polietileno, poliacrilamida e polivinilpirrolidona. <\/p>\n\n\n\n<p>Acontece que essa subst\u00e2ncia vem sendo frequentemente utilizada para preenchimento de linhas de express\u00e3o e rugas no rosto e pesco\u00e7o, como tamb\u00e9m em cirurgias pl\u00e1sticas para redesenhar partes assim\u00e9tricas do corpo, como coxas e n\u00e1degas, sendo que nestes casos a subst\u00e2ncia deve ser aplicada em pequenas quantidades, ou seja, n\u00e3o \u00e9 indicado para aumento de n\u00e1degas ou pernas. <\/p>\n\n\n\n<p>As pessoas que fazem uso deste tipo de gel est\u00e3o em busca de um corpo escultural, com curvas perfeitas e sem a necessidade de ficar horas e horas na academia. No entanto, a maioria n\u00e3o tem consci\u00eancia das diversas consequ\u00eancias do uso dessa subst\u00e2ncia em grande quantidade, dentre elas, vale destacar o desencadeamento de rea\u00e7\u00f5es al\u00e9rgicas, contamina\u00e7\u00e3o bacteriana, embolia pulmonar, necrose, deforma\u00e7\u00f5es, podendo levar inclusive at\u00e9 a morte se n\u00e3o feita de forma correta. <\/p>\n","protected":false},"excerpt":{"rendered":"<p>Lei 19.116 Publicada no D.O. de 17-12-2015 A presente lei visa conscientizar e advertir a popula\u00e7\u00e3o, em especial as mulheres principais usu\u00e1rias de hidrogel sobre as consequ\u00eancias advindas da aplia\u00e7\u00e3o dessa subst\u00e2ncia acima da quantidade permitida pela Ag\u00eancia Nacional de Vigil\u00e2nica Sanit\u00e1ria &#8211; ANVISA, bem como da import\u00e2ncia da pr\u00e1tica de exerc\u00edcios f\u00edsicos para obten\u00e7\u00e3o [&hellip;]<\/p>\n","protected":false},"author":2,"featured_media":0,"comment_status":"closed","ping_status":"open","sticky":false,"template":"","format":"standard","meta":{"spay_email":""},"categories":[73],"tags":[13],"yoast_head":"<!-- This site is optimized with the Yoast SEO plugin v19.4 - https:\/\/yoast.com\/wordpress\/plugins\/seo\/ -->\n<title>Campanha de conscientiza\u00e7\u00e3o sobre os riscos de procedimento com hidrogel em Goi\u00e1s - Deputado Estadual Talles Barreto<\/title>\n<meta name=\"robots\" content=\"index, follow, max-snippet:-1, max-image-preview:large, max-video-preview:-1\" \/>\n<link rel=\"canonical\" href=\"https:\/\/tallesbarreto.com.br\/site\/index.php\/2015\/12\/17\/campanha-de-conscientizacao-sobre-os-riscos-de-procedimento-com-hidrogel-em-goias\/\" \/>\n<meta property=\"og:locale\" content=\"pt_BR\" \/>\n<meta property=\"og:type\" content=\"article\" \/>\n<meta property=\"og:title\" content=\"Campanha de conscientiza\u00e7\u00e3o sobre os riscos de procedimento com hidrogel em Goi\u00e1s - Deputado Estadual Talles Barreto\" \/>\n<meta property=\"og:description\" content=\"Lei 19.116 Publicada no D.O. de 17-12-2015 A presente lei visa conscientizar e advertir a popula\u00e7\u00e3o, em especial as mulheres principais usu\u00e1rias de hidrogel sobre as consequ\u00eancias advindas da aplia\u00e7\u00e3o dessa subst\u00e2ncia acima da quantidade permitida pela Ag\u00eancia Nacional de Vigil\u00e2nica Sanit\u00e1ria &#8211; ANVISA, bem como da import\u00e2ncia da pr\u00e1tica de exerc\u00edcios f\u00edsicos para obten\u00e7\u00e3o [&hellip;]\" \/>\n<meta property=\"og:url\" content=\"https:\/\/tallesbarreto.com.br\/site\/index.php\/2015\/12\/17\/campanha-de-conscientizacao-sobre-os-riscos-de-procedimento-com-hidrogel-em-goias\/\" \/>\n<meta property=\"og:site_name\" content=\"Deputado Estadual Talles Barreto\" \/>\n<meta property=\"article:publisher\" content=\"https:\/\/www.facebook.com\/deputadotallesbarreto\/\" \/>\n<meta property=\"article:published_time\" content=\"2015-12-17T18:29:56+00:00\" \/>\n<meta property=\"article:modified_time\" content=\"2019-10-16T12:41:14+00:00\" \/>\n<meta property=\"og:image\" content=\"https:\/\/tallesbarreto.com.br\/site\/wp-content\/uploads\/2019\/09\/patrick-lanza-jYeRt0pJncU-unsplash-min-1024x683.jpg\" \/>\n<meta name=\"author\" content=\"Kalyne\" \/>\n<meta name=\"twitter:card\" content=\"summary_large_image\" \/>\n<meta name=\"twitter:creator\" content=\"@talles_barreto\" \/>\n<meta name=\"twitter:site\" content=\"@talles_barreto\" \/>\n<meta name=\"twitter:label1\" content=\"Escrito por\" \/>\n\t<meta name=\"twitter:data1\" content=\"Kalyne\" \/>\n\t<meta name=\"twitter:label2\" content=\"Est. tempo de leitura\" \/>\n\t<meta name=\"twitter:data2\" content=\"1 minuto\" \/>\n<script type=\"application\/ld+json\" class=\"yoast-schema-graph\">{\"@context\":\"https:\/\/schema.org\",\"@graph\":[{\"@type\":\"Organization\",\"@id\":\"https:\/\/tallesbarreto.com.br\/site\/#organization\",\"name\":\"Deputado Estadual Talles Barreto\",\"url\":\"https:\/\/tallesbarreto.com.br\/site\/\",\"sameAs\":[\"https:\/\/www.instagram.com\/deputadotallesbarreto\/\",\"https:\/\/www.facebook.com\/deputadotallesbarreto\/\",\"https:\/\/twitter.com\/talles_barreto\"],\"logo\":{\"@type\":\"ImageObject\",\"inLanguage\":\"pt-BR\",\"@id\":\"https:\/\/tallesbarreto.com.br\/site\/#\/schema\/logo\/image\/\",\"url\":\"https:\/\/tallesbarreto.com.br\/site\/wp-content\/uploads\/2019\/09\/logo-1.png\",\"contentUrl\":\"https:\/\/tallesbarreto.com.br\/site\/wp-content\/uploads\/2019\/09\/logo-1.png\",\"width\":2481,\"height\":1226,\"caption\":\"Deputado Estadual Talles Barreto\"},\"image\":{\"@id\":\"https:\/\/tallesbarreto.com.br\/site\/#\/schema\/logo\/image\/\"}},{\"@type\":\"WebSite\",\"@id\":\"https:\/\/tallesbarreto.com.br\/site\/#website\",\"url\":\"https:\/\/tallesbarreto.com.br\/site\/\",\"name\":\"Deputado Estadual Talles Barreto\",\"description\":\"\",\"publisher\":{\"@id\":\"https:\/\/tallesbarreto.com.br\/site\/#organization\"},\"potentialAction\":[{\"@type\":\"SearchAction\",\"target\":{\"@type\":\"EntryPoint\",\"urlTemplate\":\"https:\/\/tallesbarreto.com.br\/site\/?s={search_term_string}\"},\"query-input\":\"required name=search_term_string\"}],\"inLanguage\":\"pt-BR\"},{\"@type\":\"WebPage\",\"@id\":\"https:\/\/tallesbarreto.com.br\/site\/index.php\/2015\/12\/17\/campanha-de-conscientizacao-sobre-os-riscos-de-procedimento-com-hidrogel-em-goias\/\",\"url\":\"https:\/\/tallesbarreto.com.br\/site\/index.php\/2015\/12\/17\/campanha-de-conscientizacao-sobre-os-riscos-de-procedimento-com-hidrogel-em-goias\/\",\"name\":\"Campanha de conscientiza\u00e7\u00e3o sobre os riscos de procedimento com hidrogel em Goi\u00e1s - Deputado Estadual Talles Barreto\",\"isPartOf\":{\"@id\":\"https:\/\/tallesbarreto.com.br\/site\/#website\"},\"datePublished\":\"2015-12-17T18:29:56+00:00\",\"dateModified\":\"2019-10-16T12:41:14+00:00\",\"breadcrumb\":{\"@id\":\"https:\/\/tallesbarreto.com.br\/site\/index.php\/2015\/12\/17\/campanha-de-conscientizacao-sobre-os-riscos-de-procedimento-com-hidrogel-em-goias\/#breadcrumb\"},\"inLanguage\":\"pt-BR\",\"potentialAction\":[{\"@type\":\"ReadAction\",\"target\":[\"https:\/\/tallesbarreto.com.br\/site\/index.php\/2015\/12\/17\/campanha-de-conscientizacao-sobre-os-riscos-de-procedimento-com-hidrogel-em-goias\/\"]}]},{\"@type\":\"BreadcrumbList\",\"@id\":\"https:\/\/tallesbarreto.com.br\/site\/index.php\/2015\/12\/17\/campanha-de-conscientizacao-sobre-os-riscos-de-procedimento-com-hidrogel-em-goias\/#breadcrumb\",\"itemListElement\":[{\"@type\":\"ListItem\",\"position\":1,\"name\":\"In\u00edcio\",\"item\":\"https:\/\/tallesbarreto.com.br\/site\/\"},{\"@type\":\"ListItem\",\"position\":2,\"name\":\"Campanha de conscientiza\u00e7\u00e3o sobre os riscos de procedimento com hidrogel em Goi\u00e1s\"}]},{\"@type\":\"Article\",\"@id\":\"https:\/\/tallesbarreto.com.br\/site\/index.php\/2015\/12\/17\/campanha-de-conscientizacao-sobre-os-riscos-de-procedimento-com-hidrogel-em-goias\/#article\",\"isPartOf\":{\"@id\":\"https:\/\/tallesbarreto.com.br\/site\/index.php\/2015\/12\/17\/campanha-de-conscientizacao-sobre-os-riscos-de-procedimento-com-hidrogel-em-goias\/\"},\"author\":{\"name\":\"Kalyne\",\"@id\":\"https:\/\/tallesbarreto.com.br\/site\/#\/schema\/person\/08698d395aa7a8439c3bb01a0a8760e1\"},\"headline\":\"Campanha de conscientiza\u00e7\u00e3o sobre os riscos de procedimento com hidrogel em Goi\u00e1s\",\"datePublished\":\"2015-12-17T18:29:56+00:00\",\"dateModified\":\"2019-10-16T12:41:14+00:00\",\"mainEntityOfPage\":{\"@id\":\"https:\/\/tallesbarreto.com.br\/site\/index.php\/2015\/12\/17\/campanha-de-conscientizacao-sobre-os-riscos-de-procedimento-com-hidrogel-em-goias\/\"},\"wordCount\":265,\"publisher\":{\"@id\":\"https:\/\/tallesbarreto.com.br\/site\/#organization\"},\"keywords\":[\"sa\u00fade\"],\"articleSection\":[\"Projetos de Lei Aprovados\"],\"inLanguage\":\"pt-BR\"},{\"@type\":\"Person\",\"@id\":\"https:\/\/tallesbarreto.com.br\/site\/#\/schema\/person\/08698d395aa7a8439c3bb01a0a8760e1\",\"name\":\"Kalyne\",\"image\":{\"@type\":\"ImageObject\",\"inLanguage\":\"pt-BR\",\"@id\":\"https:\/\/tallesbarreto.com.br\/site\/#\/schema\/person\/image\/\",\"url\":\"https:\/\/secure.gravatar.com\/avatar\/f78d10267c83158259bb34b9013d81c5?s=96&d=mm&r=g\",\"contentUrl\":\"https:\/\/secure.gravatar.com\/avatar\/f78d10267c83158259bb34b9013d81c5?s=96&d=mm&r=g\",\"caption\":\"Kalyne\"},\"url\":\"https:\/\/tallesbarreto.com.br\/site\/index.php\/author\/kalyne\/\"}]}<\/script>\n<!-- \/ Yoast SEO plugin. -->","yoast_head_json":{"title":"Campanha de conscientiza\u00e7\u00e3o sobre os riscos de procedimento com hidrogel em Goi\u00e1s - Deputado Estadual Talles Barreto","robots":{"index":"index","follow":"follow","max-snippet":"max-snippet:-1","max-image-preview":"max-image-preview:large","max-video-preview":"max-video-preview:-1"},"canonical":"https:\/\/tallesbarreto.com.br\/site\/index.php\/2015\/12\/17\/campanha-de-conscientizacao-sobre-os-riscos-de-procedimento-com-hidrogel-em-goias\/","og_locale":"pt_BR","og_type":"article","og_title":"Campanha de conscientiza\u00e7\u00e3o sobre os riscos de procedimento com hidrogel em Goi\u00e1s - Deputado Estadual Talles Barreto","og_description":"Lei 19.116 Publicada no D.O. de 17-12-2015 A presente lei visa conscientizar e advertir a popula\u00e7\u00e3o, em especial as mulheres principais usu\u00e1rias de hidrogel sobre as consequ\u00eancias advindas da aplia\u00e7\u00e3o dessa subst\u00e2ncia acima da quantidade permitida pela Ag\u00eancia Nacional de Vigil\u00e2nica Sanit\u00e1ria &#8211; ANVISA, bem como da import\u00e2ncia da pr\u00e1tica de exerc\u00edcios f\u00edsicos para obten\u00e7\u00e3o [&hellip;]","og_url":"https:\/\/tallesbarreto.com.br\/site\/index.php\/2015\/12\/17\/campanha-de-conscientizacao-sobre-os-riscos-de-procedimento-com-hidrogel-em-goias\/","og_site_name":"Deputado Estadual Talles Barreto","article_publisher":"https:\/\/www.facebook.com\/deputadotallesbarreto\/","article_published_time":"2015-12-17T18:29:56+00:00","article_modified_time":"2019-10-16T12:41:14+00:00","og_image":[{"url":"https:\/\/tallesbarreto.com.br\/site\/wp-content\/uploads\/2019\/09\/patrick-lanza-jYeRt0pJncU-unsplash-min-1024x683.jpg"}],"author":"Kalyne","twitter_card":"summary_large_image","twitter_creator":"@talles_barreto","twitter_site":"@talles_barreto","twitter_misc":{"Escrito por":"Kalyne","Est. tempo de leitura":"1 minuto"},"schema":{"@context":"https:\/\/schema.org","@graph":[{"@type":"Organization","@id":"https:\/\/tallesbarreto.com.br\/site\/#organization","name":"Deputado Estadual Talles Barreto","url":"https:\/\/tallesbarreto.com.br\/site\/","sameAs":["https:\/\/www.instagram.com\/deputadotallesbarreto\/","https:\/\/www.facebook.com\/deputadotallesbarreto\/","https:\/\/twitter.com\/talles_barreto"],"logo":{"@type":"ImageObject","inLanguage":"pt-BR","@id":"https:\/\/tallesbarreto.com.br\/site\/#\/schema\/logo\/image\/","url":"https:\/\/tallesbarreto.com.br\/site\/wp-content\/uploads\/2019\/09\/logo-1.png","contentUrl":"https:\/\/tallesbarreto.com.br\/site\/wp-content\/uploads\/2019\/09\/logo-1.png","width":2481,"height":1226,"caption":"Deputado Estadual Talles Barreto"},"image":{"@id":"https:\/\/tallesbarreto.com.br\/site\/#\/schema\/logo\/image\/"}},{"@type":"WebSite","@id":"https:\/\/tallesbarreto.com.br\/site\/#website","url":"https:\/\/tallesbarreto.com.br\/site\/","name":"Deputado Estadual Talles Barreto","description":"","publisher":{"@id":"https:\/\/tallesbarreto.com.br\/site\/#organization"},"potentialAction":[{"@type":"SearchAction","target":{"@type":"EntryPoint","urlTemplate":"https:\/\/tallesbarreto.com.br\/site\/?s={search_term_string}"},"query-input":"required name=search_term_string"}],"inLanguage":"pt-BR"},{"@type":"WebPage","@id":"https:\/\/tallesbarreto.com.br\/site\/index.php\/2015\/12\/17\/campanha-de-conscientizacao-sobre-os-riscos-de-procedimento-com-hidrogel-em-goias\/","url":"https:\/\/tallesbarreto.com.br\/site\/index.php\/2015\/12\/17\/campanha-de-conscientizacao-sobre-os-riscos-de-procedimento-com-hidrogel-em-goias\/","name":"Campanha de conscientiza\u00e7\u00e3o sobre os riscos de procedimento com hidrogel em Goi\u00e1s - Deputado Estadual Talles Barreto","isPartOf":{"@id":"https:\/\/tallesbarreto.com.br\/site\/#website"},"datePublished":"2015-12-17T18:29:56+00:00","dateModified":"2019-10-16T12:41:14+00:00","breadcrumb":{"@id":"https:\/\/tallesbarreto.com.br\/site\/index.php\/2015\/12\/17\/campanha-de-conscientizacao-sobre-os-riscos-de-procedimento-com-hidrogel-em-goias\/#breadcrumb"},"inLanguage":"pt-BR","potentialAction":[{"@type":"ReadAction","target":["https:\/\/tallesbarreto.com.br\/site\/index.php\/2015\/12\/17\/campanha-de-conscientizacao-sobre-os-riscos-de-procedimento-com-hidrogel-em-goias\/"]}]},{"@type":"BreadcrumbList","@id":"https:\/\/tallesbarreto.com.br\/site\/index.php\/2015\/12\/17\/campanha-de-conscientizacao-sobre-os-riscos-de-procedimento-com-hidrogel-em-goias\/#breadcrumb","itemListElement":[{"@type":"ListItem","position":1,"name":"In\u00edcio","item":"https:\/\/tallesbarreto.com.br\/site\/"},{"@type":"ListItem","position":2,"name":"Campanha de conscientiza\u00e7\u00e3o sobre os riscos de procedimento com hidrogel em Goi\u00e1s"}]},{"@type":"Article","@id":"https:\/\/tallesbarreto.com.br\/site\/index.php\/2015\/12\/17\/campanha-de-conscientizacao-sobre-os-riscos-de-procedimento-com-hidrogel-em-goias\/#article","isPartOf":{"@id":"https:\/\/tallesbarreto.com.br\/site\/index.php\/2015\/12\/17\/campanha-de-conscientizacao-sobre-os-riscos-de-procedimento-com-hidrogel-em-goias\/"},"author":{"name":"Kalyne","@id":"https:\/\/tallesbarreto.com.br\/site\/#\/schema\/person\/08698d395aa7a8439c3bb01a0a8760e1"},"headline":"Campanha de conscientiza\u00e7\u00e3o sobre os riscos de procedimento com hidrogel em Goi\u00e1s","datePublished":"2015-12-17T18:29:56+00:00","dateModified":"2019-10-16T12:41:14+00:00","mainEntityOfPage":{"@id":"https:\/\/tallesbarreto.com.br\/site\/index.php\/2015\/12\/17\/campanha-de-conscientizacao-sobre-os-riscos-de-procedimento-com-hidrogel-em-goias\/"},"wordCount":265,"publisher":{"@id":"https:\/\/tallesbarreto.com.br\/site\/#organization"},"keywords":["sa\u00fade"],"articleSection":["Projetos de Lei Aprovados"],"inLanguage":"pt-BR"},{"@type":"Person","@id":"https:\/\/tallesbarreto.com.br\/site\/#\/schema\/person\/08698d395aa7a8439c3bb01a0a8760e1","name":"Kalyne","image":{"@type":"ImageObject","inLanguage":"pt-BR","@id":"https:\/\/tallesbarreto.com.br\/site\/#\/schema\/person\/image\/","url":"https:\/\/secure.gravatar.com\/avatar\/f78d10267c83158259bb34b9013d81c5?s=96&d=mm&r=g","contentUrl":"https:\/\/secure.gravatar.com\/avatar\/f78d10267c83158259bb34b9013d81c5?s=96&d=mm&r=g","caption":"Kalyne"},"url":"https:\/\/tallesbarreto.com.br\/site\/index.php\/author\/kalyne\/"}]}},"jetpack_featured_media_url":"","_links":{"self":[{"href":"https:\/\/tallesbarreto.com.br\/site\/index.php\/wp-json\/wp\/v2\/posts\/570"}],"collection":[{"href":"https:\/\/tallesbarreto.com.br\/site\/index.php\/wp-json\/wp\/v2\/posts"}],"about":[{"href":"https:\/\/tallesbarreto.com.br\/site\/index.php\/wp-json\/wp\/v2\/types\/post"}],"author":[{"embeddable":true,"href":"https:\/\/tallesbarreto.com.br\/site\/index.php\/wp-json\/wp\/v2\/users\/2"}],"replies":[{"embeddable":true,"href":"https:\/\/tallesbarreto.com.br\/site\/index.php\/wp-json\/wp\/v2\/comments?post=570"}],"version-history":[{"count":1,"href":"https:\/\/tallesbarreto.com.br\/site\/index.php\/wp-json\/wp\/v2\/posts\/570\/revisions"}],"predecessor-version":[{"id":571,"href":"https:\/\/tallesbarreto.com.br\/site\/index.php\/wp-json\/wp\/v2\/posts\/570\/revisions\/571"}],"wp:attachment":[{"href":"https:\/\/tallesbarreto.com.br\/site\/index.php\/wp-json\/wp\/v2\/media?parent=570"}],"wp:term":[{"taxonomy":"category","embeddable":true,"href":"https:\/\/tallesbarreto.com.br\/site\/index.php\/wp-json\/wp\/v2\/categories?post=570"},{"taxonomy":"post_tag","embeddable":true,"href":"https:\/\/tallesbarreto.com.br\/site\/index.php\/wp-json\/wp\/v2\/tags?post=570"}],"curies":[{"name":"wp","href":"https:\/\/api.w.org\/{rel}","templated":true}]}}