{"id":476,"date":"2019-09-13T15:12:29","date_gmt":"2019-09-13T18:12:29","guid":{"rendered":"https:\/\/tallesbarreto.com.br\/site\/?p=476"},"modified":"2019-09-20T15:15:18","modified_gmt":"2019-09-20T18:15:18","slug":"materia-que-isenta-motos-de-pedagios-em-goias-volta-ao-plenario-semana-que-vem","status":"publish","type":"post","link":"https:\/\/tallesbarreto.com.br\/site\/index.php\/2019\/09\/13\/materia-que-isenta-motos-de-pedagios-em-goias-volta-ao-plenario-semana-que-vem\/","title":{"rendered":"Mat\u00e9ria que isenta motos de ped\u00e1gios em Goi\u00e1s volta ao plen\u00e1rio semana que vem"},"content":{"rendered":"\n<div class=\"wp-block-image\"><figure class=\"aligncenter\"><img loading=\"lazy\" width=\"479\" height=\"1024\" src=\"https:\/\/i0.wp.com\/tallesbarreto.com.br\/site\/wp-content\/uploads\/2019\/09\/13-09-2019-Mais-Goi\u00e1s-Ped\u00e1gios-de-Motos.jpg?resize=479%2C1024&#038;ssl=1\" alt=\"\" class=\"wp-image-479\" srcset=\"https:\/\/i0.wp.com\/tallesbarreto.com.br\/site\/wp-content\/uploads\/2019\/09\/13-09-2019-Mais-Goi\u00e1s-Ped\u00e1gios-de-Motos.jpg?resize=479%2C1024&amp;ssl=1 479w, https:\/\/i0.wp.com\/tallesbarreto.com.br\/site\/wp-content\/uploads\/2019\/09\/13-09-2019-Mais-Goi\u00e1s-Ped\u00e1gios-de-Motos.jpg?resize=140%2C300&amp;ssl=1 140w, https:\/\/i0.wp.com\/tallesbarreto.com.br\/site\/wp-content\/uploads\/2019\/09\/13-09-2019-Mais-Goi\u00e1s-Ped\u00e1gios-de-Motos.jpg?resize=768%2C1643&amp;ssl=1 768w, https:\/\/i0.wp.com\/tallesbarreto.com.br\/site\/wp-content\/uploads\/2019\/09\/13-09-2019-Mais-Goi\u00e1s-Ped\u00e1gios-de-Motos.jpg?w=916&amp;ssl=1 916w\" sizes=\"(max-width: 479px) 100vw, 479px\" data-recalc-dims=\"1\" \/><figcaption><a href=\"https:\/\/www.emaisgoias.com.br\/materia-que-isenta-motos-de-pedagios-em-goias-volta-ao-plenario-semana-que-vem\/\">Clique na legenda para abrir a mat\u00e9ria <\/a><\/figcaption><\/figure><\/div>\n","protected":false},"excerpt":{"rendered":"","protected":false},"author":2,"featured_media":0,"comment_status":"closed","ping_status":"open","sticky":false,"template":"","format":"standard","meta":{"spay_email":""},"categories":[12],"tags":[64,63,18,10],"yoast_head":"<!-- This site is optimized with the Yoast SEO plugin v19.4 - https:\/\/yoast.com\/wordpress\/plugins\/seo\/ -->\n<title>Mat\u00e9ria que isenta motos de ped\u00e1gios em Goi\u00e1s volta ao plen\u00e1rio semana que vem - Deputado Estadual Talles Barreto<\/title>\n<meta name=\"robots\" content=\"index, follow, max-snippet:-1, max-image-preview:large, max-video-preview:-1\" \/>\n<link rel=\"canonical\" href=\"https:\/\/tallesbarreto.com.br\/site\/index.php\/2019\/09\/13\/materia-que-isenta-motos-de-pedagios-em-goias-volta-ao-plenario-semana-que-vem\/\" \/>\n<meta property=\"og:locale\" content=\"pt_BR\" \/>\n<meta property=\"og:type\" content=\"article\" \/>\n<meta property=\"og:title\" content=\"Mat\u00e9ria que isenta motos de ped\u00e1gios em Goi\u00e1s volta ao plen\u00e1rio semana que vem - Deputado Estadual Talles Barreto\" \/>\n<meta property=\"og:url\" content=\"https:\/\/tallesbarreto.com.br\/site\/index.php\/2019\/09\/13\/materia-que-isenta-motos-de-pedagios-em-goias-volta-ao-plenario-semana-que-vem\/\" \/>\n<meta property=\"og:site_name\" content=\"Deputado Estadual Talles Barreto\" \/>\n<meta property=\"article:publisher\" content=\"https:\/\/www.facebook.com\/deputadotallesbarreto\/\" \/>\n<meta property=\"article:published_time\" content=\"2019-09-13T18:12:29+00:00\" \/>\n<meta property=\"article:modified_time\" content=\"2019-09-20T18:15:18+00:00\" \/>\n<meta name=\"author\" content=\"Kalyne\" \/>\n<meta name=\"twitter:card\" content=\"summary_large_image\" \/>\n<meta name=\"twitter:creator\" content=\"@talles_barreto\" \/>\n<meta name=\"twitter:site\" content=\"@talles_barreto\" \/>\n<meta name=\"twitter:label1\" content=\"Escrito por\" \/>\n\t<meta name=\"twitter:data1\" content=\"Kalyne\" \/>\n<script type=\"application\/ld+json\" class=\"yoast-schema-graph\">{\"@context\":\"https:\/\/schema.org\",\"@graph\":[{\"@type\":\"Organization\",\"@id\":\"https:\/\/tallesbarreto.com.br\/site\/#organization\",\"name\":\"Deputado Estadual Talles Barreto\",\"url\":\"https:\/\/tallesbarreto.com.br\/site\/\",\"sameAs\":[\"https:\/\/www.instagram.com\/deputadotallesbarreto\/\",\"https:\/\/www.facebook.com\/deputadotallesbarreto\/\",\"https:\/\/twitter.com\/talles_barreto\"],\"logo\":{\"@type\":\"ImageObject\",\"inLanguage\":\"pt-BR\",\"@id\":\"https:\/\/tallesbarreto.com.br\/site\/#\/schema\/logo\/image\/\",\"url\":\"https:\/\/tallesbarreto.com.br\/site\/wp-content\/uploads\/2019\/09\/logo-1.png\",\"contentUrl\":\"https:\/\/tallesbarreto.com.br\/site\/wp-content\/uploads\/2019\/09\/logo-1.png\",\"width\":2481,\"height\":1226,\"caption\":\"Deputado Estadual Talles Barreto\"},\"image\":{\"@id\":\"https:\/\/tallesbarreto.com.br\/site\/#\/schema\/logo\/image\/\"}},{\"@type\":\"WebSite\",\"@id\":\"https:\/\/tallesbarreto.com.br\/site\/#website\",\"url\":\"https:\/\/tallesbarreto.com.br\/site\/\",\"name\":\"Deputado Estadual Talles Barreto\",\"description\":\"\",\"publisher\":{\"@id\":\"https:\/\/tallesbarreto.com.br\/site\/#organization\"},\"potentialAction\":[{\"@type\":\"SearchAction\",\"target\":{\"@type\":\"EntryPoint\",\"urlTemplate\":\"https:\/\/tallesbarreto.com.br\/site\/?s={search_term_string}\"},\"query-input\":\"required name=search_term_string\"}],\"inLanguage\":\"pt-BR\"},{\"@type\":\"WebPage\",\"@id\":\"https:\/\/tallesbarreto.com.br\/site\/index.php\/2019\/09\/13\/materia-que-isenta-motos-de-pedagios-em-goias-volta-ao-plenario-semana-que-vem\/\",\"url\":\"https:\/\/tallesbarreto.com.br\/site\/index.php\/2019\/09\/13\/materia-que-isenta-motos-de-pedagios-em-goias-volta-ao-plenario-semana-que-vem\/\",\"name\":\"Mat\u00e9ria que isenta motos de ped\u00e1gios em Goi\u00e1s volta ao plen\u00e1rio semana que vem - Deputado Estadual Talles Barreto\",\"isPartOf\":{\"@id\":\"https:\/\/tallesbarreto.com.br\/site\/#website\"},\"datePublished\":\"2019-09-13T18:12:29+00:00\",\"dateModified\":\"2019-09-20T18:15:18+00:00\",\"breadcrumb\":{\"@id\":\"https:\/\/tallesbarreto.com.br\/site\/index.php\/2019\/09\/13\/materia-que-isenta-motos-de-pedagios-em-goias-volta-ao-plenario-semana-que-vem\/#breadcrumb\"},\"inLanguage\":\"pt-BR\",\"potentialAction\":[{\"@type\":\"ReadAction\",\"target\":[\"https:\/\/tallesbarreto.com.br\/site\/index.php\/2019\/09\/13\/materia-que-isenta-motos-de-pedagios-em-goias-volta-ao-plenario-semana-que-vem\/\"]}]},{\"@type\":\"BreadcrumbList\",\"@id\":\"https:\/\/tallesbarreto.com.br\/site\/index.php\/2019\/09\/13\/materia-que-isenta-motos-de-pedagios-em-goias-volta-ao-plenario-semana-que-vem\/#breadcrumb\",\"itemListElement\":[{\"@type\":\"ListItem\",\"position\":1,\"name\":\"In\u00edcio\",\"item\":\"https:\/\/tallesbarreto.com.br\/site\/\"},{\"@type\":\"ListItem\",\"position\":2,\"name\":\"Mat\u00e9ria que isenta motos de ped\u00e1gios em Goi\u00e1s volta ao plen\u00e1rio semana que vem\"}]},{\"@type\":\"Article\",\"@id\":\"https:\/\/tallesbarreto.com.br\/site\/index.php\/2019\/09\/13\/materia-que-isenta-motos-de-pedagios-em-goias-volta-ao-plenario-semana-que-vem\/#article\",\"isPartOf\":{\"@id\":\"https:\/\/tallesbarreto.com.br\/site\/index.php\/2019\/09\/13\/materia-que-isenta-motos-de-pedagios-em-goias-volta-ao-plenario-semana-que-vem\/\"},\"author\":{\"name\":\"Kalyne\",\"@id\":\"https:\/\/tallesbarreto.com.br\/site\/#\/schema\/person\/08698d395aa7a8439c3bb01a0a8760e1\"},\"headline\":\"Mat\u00e9ria que isenta motos de ped\u00e1gios em Goi\u00e1s volta ao plen\u00e1rio semana que vem\",\"datePublished\":\"2019-09-13T18:12:29+00:00\",\"dateModified\":\"2019-09-20T18:15:18+00:00\",\"mainEntityOfPage\":{\"@id\":\"https:\/\/tallesbarreto.com.br\/site\/index.php\/2019\/09\/13\/materia-que-isenta-motos-de-pedagios-em-goias-volta-ao-plenario-semana-que-vem\/\"},\"wordCount\":26,\"publisher\":{\"@id\":\"https:\/\/tallesbarreto.com.br\/site\/#organization\"},\"keywords\":[\"Moto\",\"Ped\u00e1gios\",\"Projeto de Lei\",\"Projetos de Lei\"],\"articleSection\":[\"Saiu na M\u00eddia\"],\"inLanguage\":\"pt-BR\"},{\"@type\":\"Person\",\"@id\":\"https:\/\/tallesbarreto.com.br\/site\/#\/schema\/person\/08698d395aa7a8439c3bb01a0a8760e1\",\"name\":\"Kalyne\",\"image\":{\"@type\":\"ImageObject\",\"inLanguage\":\"pt-BR\",\"@id\":\"https:\/\/tallesbarreto.com.br\/site\/#\/schema\/person\/image\/\",\"url\":\"https:\/\/secure.gravatar.com\/avatar\/f78d10267c83158259bb34b9013d81c5?s=96&d=mm&r=g\",\"contentUrl\":\"https:\/\/secure.gravatar.com\/avatar\/f78d10267c83158259bb34b9013d81c5?s=96&d=mm&r=g\",\"caption\":\"Kalyne\"},\"url\":\"https:\/\/tallesbarreto.com.br\/site\/index.php\/author\/kalyne\/\"}]}<\/script>\n<!-- \/ Yoast SEO plugin. -->","yoast_head_json":{"title":"Mat\u00e9ria que isenta motos de ped\u00e1gios em Goi\u00e1s volta ao plen\u00e1rio semana que vem - Deputado Estadual Talles Barreto","robots":{"index":"index","follow":"follow","max-snippet":"max-snippet:-1","max-image-preview":"max-image-preview:large","max-video-preview":"max-video-preview:-1"},"canonical":"https:\/\/tallesbarreto.com.br\/site\/index.php\/2019\/09\/13\/materia-que-isenta-motos-de-pedagios-em-goias-volta-ao-plenario-semana-que-vem\/","og_locale":"pt_BR","og_type":"article","og_title":"Mat\u00e9ria que isenta motos de ped\u00e1gios em Goi\u00e1s volta ao plen\u00e1rio semana que vem - Deputado Estadual Talles Barreto","og_url":"https:\/\/tallesbarreto.com.br\/site\/index.php\/2019\/09\/13\/materia-que-isenta-motos-de-pedagios-em-goias-volta-ao-plenario-semana-que-vem\/","og_site_name":"Deputado Estadual Talles Barreto","article_publisher":"https:\/\/www.facebook.com\/deputadotallesbarreto\/","article_published_time":"2019-09-13T18:12:29+00:00","article_modified_time":"2019-09-20T18:15:18+00:00","author":"Kalyne","twitter_card":"summary_large_image","twitter_creator":"@talles_barreto","twitter_site":"@talles_barreto","twitter_misc":{"Escrito por":"Kalyne"},"schema":{"@context":"https:\/\/schema.org","@graph":[{"@type":"Organization","@id":"https:\/\/tallesbarreto.com.br\/site\/#organization","name":"Deputado Estadual Talles Barreto","url":"https:\/\/tallesbarreto.com.br\/site\/","sameAs":["https:\/\/www.instagram.com\/deputadotallesbarreto\/","https:\/\/www.facebook.com\/deputadotallesbarreto\/","https:\/\/twitter.com\/talles_barreto"],"logo":{"@type":"ImageObject","inLanguage":"pt-BR","@id":"https:\/\/tallesbarreto.com.br\/site\/#\/schema\/logo\/image\/","url":"https:\/\/tallesbarreto.com.br\/site\/wp-content\/uploads\/2019\/09\/logo-1.png","contentUrl":"https:\/\/tallesbarreto.com.br\/site\/wp-content\/uploads\/2019\/09\/logo-1.png","width":2481,"height":1226,"caption":"Deputado Estadual Talles Barreto"},"image":{"@id":"https:\/\/tallesbarreto.com.br\/site\/#\/schema\/logo\/image\/"}},{"@type":"WebSite","@id":"https:\/\/tallesbarreto.com.br\/site\/#website","url":"https:\/\/tallesbarreto.com.br\/site\/","name":"Deputado Estadual Talles Barreto","description":"","publisher":{"@id":"https:\/\/tallesbarreto.com.br\/site\/#organization"},"potentialAction":[{"@type":"SearchAction","target":{"@type":"EntryPoint","urlTemplate":"https:\/\/tallesbarreto.com.br\/site\/?s={search_term_string}"},"query-input":"required name=search_term_string"}],"inLanguage":"pt-BR"},{"@type":"WebPage","@id":"https:\/\/tallesbarreto.com.br\/site\/index.php\/2019\/09\/13\/materia-que-isenta-motos-de-pedagios-em-goias-volta-ao-plenario-semana-que-vem\/","url":"https:\/\/tallesbarreto.com.br\/site\/index.php\/2019\/09\/13\/materia-que-isenta-motos-de-pedagios-em-goias-volta-ao-plenario-semana-que-vem\/","name":"Mat\u00e9ria que isenta motos de ped\u00e1gios em Goi\u00e1s volta ao plen\u00e1rio semana que vem - Deputado Estadual Talles Barreto","isPartOf":{"@id":"https:\/\/tallesbarreto.com.br\/site\/#website"},"datePublished":"2019-09-13T18:12:29+00:00","dateModified":"2019-09-20T18:15:18+00:00","breadcrumb":{"@id":"https:\/\/tallesbarreto.com.br\/site\/index.php\/2019\/09\/13\/materia-que-isenta-motos-de-pedagios-em-goias-volta-ao-plenario-semana-que-vem\/#breadcrumb"},"inLanguage":"pt-BR","potentialAction":[{"@type":"ReadAction","target":["https:\/\/tallesbarreto.com.br\/site\/index.php\/2019\/09\/13\/materia-que-isenta-motos-de-pedagios-em-goias-volta-ao-plenario-semana-que-vem\/"]}]},{"@type":"BreadcrumbList","@id":"https:\/\/tallesbarreto.com.br\/site\/index.php\/2019\/09\/13\/materia-que-isenta-motos-de-pedagios-em-goias-volta-ao-plenario-semana-que-vem\/#breadcrumb","itemListElement":[{"@type":"ListItem","position":1,"name":"In\u00edcio","item":"https:\/\/tallesbarreto.com.br\/site\/"},{"@type":"ListItem","position":2,"name":"Mat\u00e9ria que isenta motos de ped\u00e1gios em Goi\u00e1s volta ao plen\u00e1rio semana que vem"}]},{"@type":"Article","@id":"https:\/\/tallesbarreto.com.br\/site\/index.php\/2019\/09\/13\/materia-que-isenta-motos-de-pedagios-em-goias-volta-ao-plenario-semana-que-vem\/#article","isPartOf":{"@id":"https:\/\/tallesbarreto.com.br\/site\/index.php\/2019\/09\/13\/materia-que-isenta-motos-de-pedagios-em-goias-volta-ao-plenario-semana-que-vem\/"},"author":{"name":"Kalyne","@id":"https:\/\/tallesbarreto.com.br\/site\/#\/schema\/person\/08698d395aa7a8439c3bb01a0a8760e1"},"headline":"Mat\u00e9ria que isenta motos de ped\u00e1gios em Goi\u00e1s volta ao plen\u00e1rio semana que vem","datePublished":"2019-09-13T18:12:29+00:00","dateModified":"2019-09-20T18:15:18+00:00","mainEntityOfPage":{"@id":"https:\/\/tallesbarreto.com.br\/site\/index.php\/2019\/09\/13\/materia-que-isenta-motos-de-pedagios-em-goias-volta-ao-plenario-semana-que-vem\/"},"wordCount":26,"publisher":{"@id":"https:\/\/tallesbarreto.com.br\/site\/#organization"},"keywords":["Moto","Ped\u00e1gios","Projeto de Lei","Projetos de Lei"],"articleSection":["Saiu na M\u00eddia"],"inLanguage":"pt-BR"},{"@type":"Person","@id":"https:\/\/tallesbarreto.com.br\/site\/#\/schema\/person\/08698d395aa7a8439c3bb01a0a8760e1","name":"Kalyne","image":{"@type":"ImageObject","inLanguage":"pt-BR","@id":"https:\/\/tallesbarreto.com.br\/site\/#\/schema\/person\/image\/","url":"https:\/\/secure.gravatar.com\/avatar\/f78d10267c83158259bb34b9013d81c5?s=96&d=mm&r=g","contentUrl":"https:\/\/secure.gravatar.com\/avatar\/f78d10267c83158259bb34b9013d81c5?s=96&d=mm&r=g","caption":"Kalyne"},"url":"https:\/\/tallesbarreto.com.br\/site\/index.php\/author\/kalyne\/"}]}},"jetpack_featured_media_url":"","_links":{"self":[{"href":"https:\/\/tallesbarreto.com.br\/site\/index.php\/wp-json\/wp\/v2\/posts\/476"}],"collection":[{"href":"https:\/\/tallesbarreto.com.br\/site\/index.php\/wp-json\/wp\/v2\/posts"}],"about":[{"href":"https:\/\/tallesbarreto.com.br\/site\/index.php\/wp-json\/wp\/v2\/types\/post"}],"author":[{"embeddable":true,"href":"https:\/\/tallesbarreto.com.br\/site\/index.php\/wp-json\/wp\/v2\/users\/2"}],"replies":[{"embeddable":true,"href":"https:\/\/tallesbarreto.com.br\/site\/index.php\/wp-json\/wp\/v2\/comments?post=476"}],"version-history":[{"count":1,"href":"https:\/\/tallesbarreto.com.br\/site\/index.php\/wp-json\/wp\/v2\/posts\/476\/revisions"}],"predecessor-version":[{"id":481,"href":"https:\/\/tallesbarreto.com.br\/site\/index.php\/wp-json\/wp\/v2\/posts\/476\/revisions\/481"}],"wp:attachment":[{"href":"https:\/\/tallesbarreto.com.br\/site\/index.php\/wp-json\/wp\/v2\/media?parent=476"}],"wp:term":[{"taxonomy":"category","embeddable":true,"href":"https:\/\/tallesbarreto.com.br\/site\/index.php\/wp-json\/wp\/v2\/categories?post=476"},{"taxonomy":"post_tag","embeddable":true,"href":"https:\/\/tallesbarreto.com.br\/site\/index.php\/wp-json\/wp\/v2\/tags?post=476"}],"curies":[{"name":"wp","href":"https:\/\/api.w.org\/{rel}","templated":true}]}}