{"id":339,"date":"2019-08-27T17:03:21","date_gmt":"2019-08-27T20:03:21","guid":{"rendered":"https:\/\/tallesbarreto.com.br\/site\/?p=339"},"modified":"2019-09-17T13:22:45","modified_gmt":"2019-09-17T16:22:45","slug":"talles-barreto-propoe-campanha-de-combate-ao-uso-do-narguile","status":"publish","type":"post","link":"https:\/\/tallesbarreto.com.br\/site\/index.php\/2019\/08\/27\/talles-barreto-propoe-campanha-de-combate-ao-uso-do-narguile\/","title":{"rendered":"Talles Barreto prop\u00f5e campanha de combate ao uso do narguil\u00e9"},"content":{"rendered":"\n<div class=\"wp-block-image\"><figure class=\"aligncenter\"><img loading=\"lazy\" width=\"648\" height=\"446\" src=\"https:\/\/i0.wp.com\/tallesbarreto.com.br\/site\/wp-content\/uploads\/2019\/09\/Alego-27-08-2019.jpg?resize=648%2C446&#038;ssl=1\" alt=\"\" class=\"wp-image-340\" srcset=\"https:\/\/i0.wp.com\/tallesbarreto.com.br\/site\/wp-content\/uploads\/2019\/09\/Alego-27-08-2019.jpg?resize=1024%2C704&amp;ssl=1 1024w, https:\/\/i0.wp.com\/tallesbarreto.com.br\/site\/wp-content\/uploads\/2019\/09\/Alego-27-08-2019.jpg?resize=300%2C206&amp;ssl=1 300w, https:\/\/i0.wp.com\/tallesbarreto.com.br\/site\/wp-content\/uploads\/2019\/09\/Alego-27-08-2019.jpg?resize=768%2C528&amp;ssl=1 768w, https:\/\/i0.wp.com\/tallesbarreto.com.br\/site\/wp-content\/uploads\/2019\/09\/Alego-27-08-2019.jpg?w=1208&amp;ssl=1 1208w\" sizes=\"(max-width: 648px) 100vw, 648px\" data-recalc-dims=\"1\" \/><figcaption><a href=\"\/\/portal.al.go.leg.br\/noticias\/ver\/id\/171054\/talles+barreto+propoe+campanha+de+combate+ao+uso+do+narguile\">Clique para abrir o link da mat\u00e9ria<\/a><br><\/figcaption><\/figure><\/div>\n","protected":false},"excerpt":{"rendered":"","protected":false},"author":2,"featured_media":0,"comment_status":"closed","ping_status":"open","sticky":false,"template":"","format":"standard","meta":{"spay_email":""},"categories":[12],"tags":[19,20,23,22,21,17,18,10],"yoast_head":"<!-- This site is optimized with the Yoast SEO plugin v19.4 - https:\/\/yoast.com\/wordpress\/plugins\/seo\/ -->\n<title>Talles Barreto prop\u00f5e campanha de combate ao uso do narguil\u00e9 - Deputado Estadual Talles Barreto<\/title>\n<meta name=\"robots\" content=\"index, follow, max-snippet:-1, max-image-preview:large, max-video-preview:-1\" \/>\n<link rel=\"canonical\" href=\"https:\/\/tallesbarreto.com.br\/site\/index.php\/2019\/08\/27\/talles-barreto-propoe-campanha-de-combate-ao-uso-do-narguile\/\" \/>\n<meta property=\"og:locale\" content=\"pt_BR\" \/>\n<meta property=\"og:type\" content=\"article\" \/>\n<meta property=\"og:title\" content=\"Talles Barreto prop\u00f5e campanha de combate ao uso do narguil\u00e9 - Deputado Estadual Talles Barreto\" \/>\n<meta property=\"og:url\" content=\"https:\/\/tallesbarreto.com.br\/site\/index.php\/2019\/08\/27\/talles-barreto-propoe-campanha-de-combate-ao-uso-do-narguile\/\" \/>\n<meta property=\"og:site_name\" content=\"Deputado Estadual Talles Barreto\" \/>\n<meta property=\"article:publisher\" content=\"https:\/\/www.facebook.com\/deputadotallesbarreto\/\" \/>\n<meta property=\"article:published_time\" content=\"2019-08-27T20:03:21+00:00\" \/>\n<meta property=\"article:modified_time\" content=\"2019-09-17T16:22:45+00:00\" \/>\n<meta property=\"og:image\" content=\"https:\/\/tallesbarreto.com.br\/site\/wp-content\/uploads\/2019\/09\/Alego-27-08-2019-1024x704.jpg\" \/>\n<meta name=\"author\" content=\"Kalyne\" \/>\n<meta name=\"twitter:card\" content=\"summary_large_image\" \/>\n<meta name=\"twitter:creator\" content=\"@talles_barreto\" \/>\n<meta name=\"twitter:site\" content=\"@talles_barreto\" \/>\n<meta name=\"twitter:label1\" content=\"Escrito por\" \/>\n\t<meta name=\"twitter:data1\" content=\"Kalyne\" \/>\n<script type=\"application\/ld+json\" class=\"yoast-schema-graph\">{\"@context\":\"https:\/\/schema.org\",\"@graph\":[{\"@type\":\"Organization\",\"@id\":\"https:\/\/tallesbarreto.com.br\/site\/#organization\",\"name\":\"Deputado Estadual Talles Barreto\",\"url\":\"https:\/\/tallesbarreto.com.br\/site\/\",\"sameAs\":[\"https:\/\/www.instagram.com\/deputadotallesbarreto\/\",\"https:\/\/www.facebook.com\/deputadotallesbarreto\/\",\"https:\/\/twitter.com\/talles_barreto\"],\"logo\":{\"@type\":\"ImageObject\",\"inLanguage\":\"pt-BR\",\"@id\":\"https:\/\/tallesbarreto.com.br\/site\/#\/schema\/logo\/image\/\",\"url\":\"https:\/\/tallesbarreto.com.br\/site\/wp-content\/uploads\/2019\/09\/logo-1.png\",\"contentUrl\":\"https:\/\/tallesbarreto.com.br\/site\/wp-content\/uploads\/2019\/09\/logo-1.png\",\"width\":2481,\"height\":1226,\"caption\":\"Deputado Estadual Talles Barreto\"},\"image\":{\"@id\":\"https:\/\/tallesbarreto.com.br\/site\/#\/schema\/logo\/image\/\"}},{\"@type\":\"WebSite\",\"@id\":\"https:\/\/tallesbarreto.com.br\/site\/#website\",\"url\":\"https:\/\/tallesbarreto.com.br\/site\/\",\"name\":\"Deputado Estadual Talles Barreto\",\"description\":\"\",\"publisher\":{\"@id\":\"https:\/\/tallesbarreto.com.br\/site\/#organization\"},\"potentialAction\":[{\"@type\":\"SearchAction\",\"target\":{\"@type\":\"EntryPoint\",\"urlTemplate\":\"https:\/\/tallesbarreto.com.br\/site\/?s={search_term_string}\"},\"query-input\":\"required name=search_term_string\"}],\"inLanguage\":\"pt-BR\"},{\"@type\":\"WebPage\",\"@id\":\"https:\/\/tallesbarreto.com.br\/site\/index.php\/2019\/08\/27\/talles-barreto-propoe-campanha-de-combate-ao-uso-do-narguile\/\",\"url\":\"https:\/\/tallesbarreto.com.br\/site\/index.php\/2019\/08\/27\/talles-barreto-propoe-campanha-de-combate-ao-uso-do-narguile\/\",\"name\":\"Talles Barreto prop\u00f5e campanha de combate ao uso do narguil\u00e9 - Deputado Estadual Talles Barreto\",\"isPartOf\":{\"@id\":\"https:\/\/tallesbarreto.com.br\/site\/#website\"},\"datePublished\":\"2019-08-27T20:03:21+00:00\",\"dateModified\":\"2019-09-17T16:22:45+00:00\",\"breadcrumb\":{\"@id\":\"https:\/\/tallesbarreto.com.br\/site\/index.php\/2019\/08\/27\/talles-barreto-propoe-campanha-de-combate-ao-uso-do-narguile\/#breadcrumb\"},\"inLanguage\":\"pt-BR\",\"potentialAction\":[{\"@type\":\"ReadAction\",\"target\":[\"https:\/\/tallesbarreto.com.br\/site\/index.php\/2019\/08\/27\/talles-barreto-propoe-campanha-de-combate-ao-uso-do-narguile\/\"]}]},{\"@type\":\"BreadcrumbList\",\"@id\":\"https:\/\/tallesbarreto.com.br\/site\/index.php\/2019\/08\/27\/talles-barreto-propoe-campanha-de-combate-ao-uso-do-narguile\/#breadcrumb\",\"itemListElement\":[{\"@type\":\"ListItem\",\"position\":1,\"name\":\"In\u00edcio\",\"item\":\"https:\/\/tallesbarreto.com.br\/site\/\"},{\"@type\":\"ListItem\",\"position\":2,\"name\":\"Talles Barreto prop\u00f5e campanha de combate ao uso do narguil\u00e9\"}]},{\"@type\":\"Article\",\"@id\":\"https:\/\/tallesbarreto.com.br\/site\/index.php\/2019\/08\/27\/talles-barreto-propoe-campanha-de-combate-ao-uso-do-narguile\/#article\",\"isPartOf\":{\"@id\":\"https:\/\/tallesbarreto.com.br\/site\/index.php\/2019\/08\/27\/talles-barreto-propoe-campanha-de-combate-ao-uso-do-narguile\/\"},\"author\":{\"name\":\"Kalyne\",\"@id\":\"https:\/\/tallesbarreto.com.br\/site\/#\/schema\/person\/08698d395aa7a8439c3bb01a0a8760e1\"},\"headline\":\"Talles Barreto prop\u00f5e campanha de combate ao uso do narguil\u00e9\",\"datePublished\":\"2019-08-27T20:03:21+00:00\",\"dateModified\":\"2019-09-17T16:22:45+00:00\",\"mainEntityOfPage\":{\"@id\":\"https:\/\/tallesbarreto.com.br\/site\/index.php\/2019\/08\/27\/talles-barreto-propoe-campanha-de-combate-ao-uso-do-narguile\/\"},\"wordCount\":19,\"publisher\":{\"@id\":\"https:\/\/tallesbarreto.com.br\/site\/#organization\"},\"keywords\":[\"Campanha de conscientiza\u00e7\u00e3o\",\"Fumo\",\"HPV\",\"jovens\",\"maconha\",\"Narguil\u00e9\",\"Projeto de Lei\",\"Projetos de Lei\"],\"articleSection\":[\"Saiu na M\u00eddia\"],\"inLanguage\":\"pt-BR\"},{\"@type\":\"Person\",\"@id\":\"https:\/\/tallesbarreto.com.br\/site\/#\/schema\/person\/08698d395aa7a8439c3bb01a0a8760e1\",\"name\":\"Kalyne\",\"image\":{\"@type\":\"ImageObject\",\"inLanguage\":\"pt-BR\",\"@id\":\"https:\/\/tallesbarreto.com.br\/site\/#\/schema\/person\/image\/\",\"url\":\"https:\/\/secure.gravatar.com\/avatar\/f78d10267c83158259bb34b9013d81c5?s=96&d=mm&r=g\",\"contentUrl\":\"https:\/\/secure.gravatar.com\/avatar\/f78d10267c83158259bb34b9013d81c5?s=96&d=mm&r=g\",\"caption\":\"Kalyne\"},\"url\":\"https:\/\/tallesbarreto.com.br\/site\/index.php\/author\/kalyne\/\"}]}<\/script>\n<!-- \/ Yoast SEO plugin. -->","yoast_head_json":{"title":"Talles Barreto prop\u00f5e campanha de combate ao uso do narguil\u00e9 - Deputado Estadual Talles Barreto","robots":{"index":"index","follow":"follow","max-snippet":"max-snippet:-1","max-image-preview":"max-image-preview:large","max-video-preview":"max-video-preview:-1"},"canonical":"https:\/\/tallesbarreto.com.br\/site\/index.php\/2019\/08\/27\/talles-barreto-propoe-campanha-de-combate-ao-uso-do-narguile\/","og_locale":"pt_BR","og_type":"article","og_title":"Talles Barreto prop\u00f5e campanha de combate ao uso do narguil\u00e9 - Deputado Estadual Talles Barreto","og_url":"https:\/\/tallesbarreto.com.br\/site\/index.php\/2019\/08\/27\/talles-barreto-propoe-campanha-de-combate-ao-uso-do-narguile\/","og_site_name":"Deputado Estadual Talles Barreto","article_publisher":"https:\/\/www.facebook.com\/deputadotallesbarreto\/","article_published_time":"2019-08-27T20:03:21+00:00","article_modified_time":"2019-09-17T16:22:45+00:00","og_image":[{"url":"https:\/\/tallesbarreto.com.br\/site\/wp-content\/uploads\/2019\/09\/Alego-27-08-2019-1024x704.jpg"}],"author":"Kalyne","twitter_card":"summary_large_image","twitter_creator":"@talles_barreto","twitter_site":"@talles_barreto","twitter_misc":{"Escrito por":"Kalyne"},"schema":{"@context":"https:\/\/schema.org","@graph":[{"@type":"Organization","@id":"https:\/\/tallesbarreto.com.br\/site\/#organization","name":"Deputado Estadual Talles Barreto","url":"https:\/\/tallesbarreto.com.br\/site\/","sameAs":["https:\/\/www.instagram.com\/deputadotallesbarreto\/","https:\/\/www.facebook.com\/deputadotallesbarreto\/","https:\/\/twitter.com\/talles_barreto"],"logo":{"@type":"ImageObject","inLanguage":"pt-BR","@id":"https:\/\/tallesbarreto.com.br\/site\/#\/schema\/logo\/image\/","url":"https:\/\/tallesbarreto.com.br\/site\/wp-content\/uploads\/2019\/09\/logo-1.png","contentUrl":"https:\/\/tallesbarreto.com.br\/site\/wp-content\/uploads\/2019\/09\/logo-1.png","width":2481,"height":1226,"caption":"Deputado Estadual Talles Barreto"},"image":{"@id":"https:\/\/tallesbarreto.com.br\/site\/#\/schema\/logo\/image\/"}},{"@type":"WebSite","@id":"https:\/\/tallesbarreto.com.br\/site\/#website","url":"https:\/\/tallesbarreto.com.br\/site\/","name":"Deputado Estadual Talles Barreto","description":"","publisher":{"@id":"https:\/\/tallesbarreto.com.br\/site\/#organization"},"potentialAction":[{"@type":"SearchAction","target":{"@type":"EntryPoint","urlTemplate":"https:\/\/tallesbarreto.com.br\/site\/?s={search_term_string}"},"query-input":"required name=search_term_string"}],"inLanguage":"pt-BR"},{"@type":"WebPage","@id":"https:\/\/tallesbarreto.com.br\/site\/index.php\/2019\/08\/27\/talles-barreto-propoe-campanha-de-combate-ao-uso-do-narguile\/","url":"https:\/\/tallesbarreto.com.br\/site\/index.php\/2019\/08\/27\/talles-barreto-propoe-campanha-de-combate-ao-uso-do-narguile\/","name":"Talles Barreto prop\u00f5e campanha de combate ao uso do narguil\u00e9 - Deputado Estadual Talles Barreto","isPartOf":{"@id":"https:\/\/tallesbarreto.com.br\/site\/#website"},"datePublished":"2019-08-27T20:03:21+00:00","dateModified":"2019-09-17T16:22:45+00:00","breadcrumb":{"@id":"https:\/\/tallesbarreto.com.br\/site\/index.php\/2019\/08\/27\/talles-barreto-propoe-campanha-de-combate-ao-uso-do-narguile\/#breadcrumb"},"inLanguage":"pt-BR","potentialAction":[{"@type":"ReadAction","target":["https:\/\/tallesbarreto.com.br\/site\/index.php\/2019\/08\/27\/talles-barreto-propoe-campanha-de-combate-ao-uso-do-narguile\/"]}]},{"@type":"BreadcrumbList","@id":"https:\/\/tallesbarreto.com.br\/site\/index.php\/2019\/08\/27\/talles-barreto-propoe-campanha-de-combate-ao-uso-do-narguile\/#breadcrumb","itemListElement":[{"@type":"ListItem","position":1,"name":"In\u00edcio","item":"https:\/\/tallesbarreto.com.br\/site\/"},{"@type":"ListItem","position":2,"name":"Talles Barreto prop\u00f5e campanha de combate ao uso do narguil\u00e9"}]},{"@type":"Article","@id":"https:\/\/tallesbarreto.com.br\/site\/index.php\/2019\/08\/27\/talles-barreto-propoe-campanha-de-combate-ao-uso-do-narguile\/#article","isPartOf":{"@id":"https:\/\/tallesbarreto.com.br\/site\/index.php\/2019\/08\/27\/talles-barreto-propoe-campanha-de-combate-ao-uso-do-narguile\/"},"author":{"name":"Kalyne","@id":"https:\/\/tallesbarreto.com.br\/site\/#\/schema\/person\/08698d395aa7a8439c3bb01a0a8760e1"},"headline":"Talles Barreto prop\u00f5e campanha de combate ao uso do narguil\u00e9","datePublished":"2019-08-27T20:03:21+00:00","dateModified":"2019-09-17T16:22:45+00:00","mainEntityOfPage":{"@id":"https:\/\/tallesbarreto.com.br\/site\/index.php\/2019\/08\/27\/talles-barreto-propoe-campanha-de-combate-ao-uso-do-narguile\/"},"wordCount":19,"publisher":{"@id":"https:\/\/tallesbarreto.com.br\/site\/#organization"},"keywords":["Campanha de conscientiza\u00e7\u00e3o","Fumo","HPV","jovens","maconha","Narguil\u00e9","Projeto de Lei","Projetos de Lei"],"articleSection":["Saiu na M\u00eddia"],"inLanguage":"pt-BR"},{"@type":"Person","@id":"https:\/\/tallesbarreto.com.br\/site\/#\/schema\/person\/08698d395aa7a8439c3bb01a0a8760e1","name":"Kalyne","image":{"@type":"ImageObject","inLanguage":"pt-BR","@id":"https:\/\/tallesbarreto.com.br\/site\/#\/schema\/person\/image\/","url":"https:\/\/secure.gravatar.com\/avatar\/f78d10267c83158259bb34b9013d81c5?s=96&d=mm&r=g","contentUrl":"https:\/\/secure.gravatar.com\/avatar\/f78d10267c83158259bb34b9013d81c5?s=96&d=mm&r=g","caption":"Kalyne"},"url":"https:\/\/tallesbarreto.com.br\/site\/index.php\/author\/kalyne\/"}]}},"jetpack_featured_media_url":"","_links":{"self":[{"href":"https:\/\/tallesbarreto.com.br\/site\/index.php\/wp-json\/wp\/v2\/posts\/339"}],"collection":[{"href":"https:\/\/tallesbarreto.com.br\/site\/index.php\/wp-json\/wp\/v2\/posts"}],"about":[{"href":"https:\/\/tallesbarreto.com.br\/site\/index.php\/wp-json\/wp\/v2\/types\/post"}],"author":[{"embeddable":true,"href":"https:\/\/tallesbarreto.com.br\/site\/index.php\/wp-json\/wp\/v2\/users\/2"}],"replies":[{"embeddable":true,"href":"https:\/\/tallesbarreto.com.br\/site\/index.php\/wp-json\/wp\/v2\/comments?post=339"}],"version-history":[{"count":2,"href":"https:\/\/tallesbarreto.com.br\/site\/index.php\/wp-json\/wp\/v2\/posts\/339\/revisions"}],"predecessor-version":[{"id":409,"href":"https:\/\/tallesbarreto.com.br\/site\/index.php\/wp-json\/wp\/v2\/posts\/339\/revisions\/409"}],"wp:attachment":[{"href":"https:\/\/tallesbarreto.com.br\/site\/index.php\/wp-json\/wp\/v2\/media?parent=339"}],"wp:term":[{"taxonomy":"category","embeddable":true,"href":"https:\/\/tallesbarreto.com.br\/site\/index.php\/wp-json\/wp\/v2\/categories?post=339"},{"taxonomy":"post_tag","embeddable":true,"href":"https:\/\/tallesbarreto.com.br\/site\/index.php\/wp-json\/wp\/v2\/tags?post=339"}],"curies":[{"name":"wp","href":"https:\/\/api.w.org\/{rel}","templated":true}]}}