{"id":1694,"date":"2025-12-08T13:08:00","date_gmt":"2025-12-08T16:08:00","guid":{"rendered":"https:\/\/tallesbarreto.com.br\/site\/?p=1694"},"modified":"2025-12-10T13:16:18","modified_gmt":"2025-12-10T16:16:18","slug":"talles-barreto-reune-liderancas-e-consolida-protagonismo-politico-em-encontro-realizado-em-rianapolis","status":"publish","type":"post","link":"https:\/\/tallesbarreto.com.br\/site\/index.php\/2025\/12\/08\/talles-barreto-reune-liderancas-e-consolida-protagonismo-politico-em-encontro-realizado-em-rianapolis\/","title":{"rendered":"Talles Barreto re\u00fane lideran\u00e7as e consolida protagonismo pol\u00edtico em encontro realizado em Rian\u00e1polis"},"content":{"rendered":"\n<p><strong><br><br><\/strong><\/p>\n\n\n\n<figure class=\"wp-block-image size-large\"><img loading=\"lazy\" width=\"648\" height=\"432\" src=\"https:\/\/i0.wp.com\/tallesbarreto.com.br\/site\/wp-content\/uploads\/2025\/12\/WERF0101.jpg?resize=648%2C432&#038;ssl=1\" alt=\"\" class=\"wp-image-1695\" srcset=\"https:\/\/i0.wp.com\/tallesbarreto.com.br\/site\/wp-content\/uploads\/2025\/12\/WERF0101-scaled.jpg?resize=1024%2C683&amp;ssl=1 1024w, https:\/\/i0.wp.com\/tallesbarreto.com.br\/site\/wp-content\/uploads\/2025\/12\/WERF0101-scaled.jpg?resize=300%2C200&amp;ssl=1 300w, https:\/\/i0.wp.com\/tallesbarreto.com.br\/site\/wp-content\/uploads\/2025\/12\/WERF0101-scaled.jpg?resize=768%2C512&amp;ssl=1 768w, https:\/\/i0.wp.com\/tallesbarreto.com.br\/site\/wp-content\/uploads\/2025\/12\/WERF0101-scaled.jpg?resize=1536%2C1024&amp;ssl=1 1536w, https:\/\/i0.wp.com\/tallesbarreto.com.br\/site\/wp-content\/uploads\/2025\/12\/WERF0101-scaled.jpg?resize=2048%2C1365&amp;ssl=1 2048w, https:\/\/i0.wp.com\/tallesbarreto.com.br\/site\/wp-content\/uploads\/2025\/12\/WERF0101-scaled.jpg?w=1296&amp;ssl=1 1296w, https:\/\/i0.wp.com\/tallesbarreto.com.br\/site\/wp-content\/uploads\/2025\/12\/WERF0101-scaled.jpg?w=1944&amp;ssl=1 1944w\" sizes=\"(max-width: 648px) 100vw, 648px\" data-recalc-dims=\"1\" \/><figcaption><em>Z\u00e9 M\u00e1rio, Talles Barreto e o governador Ronaldo Caiado <\/em>durante o evento<\/figcaption><\/figure>\n\n\n\n<p><\/p>\n\n\n\n<p><br>O Encontro de L\u00edderes que Transformam Goi\u00e1s, realizado na Fazenda Santa Izildinha em Rian\u00e1polis, reuniu importantes nomes da pol\u00edtica goiana em um ambiente de di\u00e1logo estrat\u00e9gico e fortalecimento institucional.<\/p>\n\n\n\n<p>Idealizado e conduzido pelo deputado estadual Talles Barreto, l\u00edder do Governo na Assembleia Legislativa de Goi\u00e1s, o evento promovido no s\u00e1bado (6) durante todo o dia marcou um momento de amadurecimento e estrutura\u00e7\u00e3o da base pol\u00edtica no Estado e em especial na regi\u00e3o.<\/p>\n\n\n\n<p><br>Com a presen\u00e7a do governador Ronaldo Caiado, do vice-governador Daniel Vilela e do presidente da Faeg, Jos\u00e9 M\u00e1rio Schreiner, contou ainda com a participa\u00e7\u00e3o de aproximadamente 15 prefeitos, ex-prefeitos, vice-prefeitos, vereadores e lideran\u00e7as pol\u00edticas de diversas regi\u00f5es de Goi\u00e1s, o que evidenciou a capacidade de articula\u00e7\u00e3o e o prest\u00edgio pol\u00edtico de Talles Barreto junto \u00e0s lideran\u00e7as.<\/p>\n\n\n\n<p><br>Na condi\u00e7\u00e3o de l\u00edder do Governo na Alego, Talles Barreto reafirmou seu papel estrat\u00e9gico na interlocu\u00e7\u00e3o entre o Executivo e as bases municipais, consolidando-se como uma das principais refer\u00eancias do grupo governista no cen\u00e1rio pol\u00edtico estadual.<\/p>\n\n\n\n<p>O governador Ronaldo Caiado pontuou que consegue a garra, coragem e articula\u00e7\u00e3o do parlamentar e refor\u00e7ou que ele ser\u00e1 l\u00edder do governo at\u00e9 o \u00faltimo dia de sua gest\u00e3o. Segundo o gestor estadual, \u201ca pol\u00edtica est\u00e1 carente de pessoas de conte\u00fado, capazes de elevar o n\u00edvel da pol\u00edtica goiana\u201d \u2013 refor\u00e7ando a import\u00e2ncia da continuidade de Talles no meio.<\/p>\n\n\n\n<figure class=\"wp-block-image size-large\"><img loading=\"lazy\" width=\"648\" height=\"416\" src=\"https:\/\/i0.wp.com\/tallesbarreto.com.br\/site\/wp-content\/uploads\/2025\/12\/caiado-fazenda.jpg?resize=648%2C416&#038;ssl=1\" alt=\"\" class=\"wp-image-1697\" srcset=\"https:\/\/i0.wp.com\/tallesbarreto.com.br\/site\/wp-content\/uploads\/2025\/12\/caiado-fazenda.jpg?resize=1024%2C658&amp;ssl=1 1024w, https:\/\/i0.wp.com\/tallesbarreto.com.br\/site\/wp-content\/uploads\/2025\/12\/caiado-fazenda.jpg?resize=300%2C193&amp;ssl=1 300w, https:\/\/i0.wp.com\/tallesbarreto.com.br\/site\/wp-content\/uploads\/2025\/12\/caiado-fazenda.jpg?resize=768%2C494&amp;ssl=1 768w, https:\/\/i0.wp.com\/tallesbarreto.com.br\/site\/wp-content\/uploads\/2025\/12\/caiado-fazenda.jpg?w=1179&amp;ssl=1 1179w\" sizes=\"(max-width: 648px) 100vw, 648px\" data-recalc-dims=\"1\" \/><\/figure>\n\n\n\n<p><br>O encontro foi avaliado como altamente positivo pelos participantes, tanto pelo n\u00edvel das autoridades presentes quanto pela qualidade dos debates e alinhamentos constru\u00eddos ao longo da programa\u00e7\u00e3o. Os coment\u00e1rios eram baseados em que um evento pol\u00edtico desta magnitude \u00e9 dif\u00edcil de se ver. A for\u00e7a vem da base e nem mesmo a chuva que caiu em todo o Estado desanimou os mais de mil participantes.<\/p>\n","protected":false},"excerpt":{"rendered":"<p>O Encontro de L\u00edderes que Transformam Goi\u00e1s, realizado na Fazenda Santa Izildinha em Rian\u00e1polis, reuniu importantes nomes da pol\u00edtica goiana em um ambiente de di\u00e1logo estrat\u00e9gico e fortalecimento institucional. Idealizado e conduzido pelo deputado estadual Talles Barreto, l\u00edder do Governo na Assembleia Legislativa de Goi\u00e1s, o evento promovido no s\u00e1bado (6) durante todo o dia [&hellip;]<\/p>\n","protected":false},"author":3,"featured_media":0,"comment_status":"closed","ping_status":"open","sticky":false,"template":"","format":"standard","meta":{"spay_email":""},"categories":[12],"tags":[],"yoast_head":"<!-- This site is optimized with the Yoast SEO plugin v19.4 - https:\/\/yoast.com\/wordpress\/plugins\/seo\/ -->\n<title>Talles Barreto re\u00fane lideran\u00e7as e consolida protagonismo pol\u00edtico em encontro realizado em Rian\u00e1polis - Deputado Estadual Talles Barreto<\/title>\n<meta name=\"robots\" content=\"index, follow, max-snippet:-1, max-image-preview:large, max-video-preview:-1\" \/>\n<link rel=\"canonical\" href=\"https:\/\/tallesbarreto.com.br\/site\/index.php\/2025\/12\/08\/talles-barreto-reune-liderancas-e-consolida-protagonismo-politico-em-encontro-realizado-em-rianapolis\/\" \/>\n<meta property=\"og:locale\" content=\"pt_BR\" \/>\n<meta property=\"og:type\" content=\"article\" \/>\n<meta property=\"og:title\" content=\"Talles Barreto re\u00fane lideran\u00e7as e consolida protagonismo pol\u00edtico em encontro realizado em Rian\u00e1polis - Deputado Estadual Talles Barreto\" \/>\n<meta property=\"og:description\" content=\"O Encontro de L\u00edderes que Transformam Goi\u00e1s, realizado na Fazenda Santa Izildinha em Rian\u00e1polis, reuniu importantes nomes da pol\u00edtica goiana em um ambiente de di\u00e1logo estrat\u00e9gico e fortalecimento institucional. Idealizado e conduzido pelo deputado estadual Talles Barreto, l\u00edder do Governo na Assembleia Legislativa de Goi\u00e1s, o evento promovido no s\u00e1bado (6) durante todo o dia [&hellip;]\" \/>\n<meta property=\"og:url\" content=\"https:\/\/tallesbarreto.com.br\/site\/index.php\/2025\/12\/08\/talles-barreto-reune-liderancas-e-consolida-protagonismo-politico-em-encontro-realizado-em-rianapolis\/\" \/>\n<meta property=\"og:site_name\" content=\"Deputado Estadual Talles Barreto\" \/>\n<meta property=\"article:publisher\" content=\"https:\/\/www.facebook.com\/deputadotallesbarreto\/\" \/>\n<meta property=\"article:published_time\" content=\"2025-12-08T16:08:00+00:00\" \/>\n<meta property=\"article:modified_time\" content=\"2025-12-10T16:16:18+00:00\" \/>\n<meta property=\"og:image\" content=\"https:\/\/tallesbarreto.com.br\/site\/wp-content\/uploads\/2025\/12\/WERF0101-1024x683.jpg\" \/>\n<meta name=\"author\" content=\"brunna\" \/>\n<meta name=\"twitter:card\" content=\"summary_large_image\" \/>\n<meta name=\"twitter:creator\" content=\"@talles_barreto\" \/>\n<meta name=\"twitter:site\" content=\"@talles_barreto\" \/>\n<meta name=\"twitter:label1\" content=\"Escrito por\" \/>\n\t<meta name=\"twitter:data1\" content=\"brunna\" \/>\n\t<meta name=\"twitter:label2\" content=\"Est. tempo de leitura\" \/>\n\t<meta name=\"twitter:data2\" content=\"3 minutos\" \/>\n<script type=\"application\/ld+json\" class=\"yoast-schema-graph\">{\"@context\":\"https:\/\/schema.org\",\"@graph\":[{\"@type\":\"Organization\",\"@id\":\"https:\/\/tallesbarreto.com.br\/site\/#organization\",\"name\":\"Deputado Estadual Talles Barreto\",\"url\":\"https:\/\/tallesbarreto.com.br\/site\/\",\"sameAs\":[\"https:\/\/www.instagram.com\/deputadotallesbarreto\/\",\"https:\/\/www.facebook.com\/deputadotallesbarreto\/\",\"https:\/\/twitter.com\/talles_barreto\"],\"logo\":{\"@type\":\"ImageObject\",\"inLanguage\":\"pt-BR\",\"@id\":\"https:\/\/tallesbarreto.com.br\/site\/#\/schema\/logo\/image\/\",\"url\":\"https:\/\/tallesbarreto.com.br\/site\/wp-content\/uploads\/2019\/09\/logo-1.png\",\"contentUrl\":\"https:\/\/tallesbarreto.com.br\/site\/wp-content\/uploads\/2019\/09\/logo-1.png\",\"width\":2481,\"height\":1226,\"caption\":\"Deputado Estadual Talles Barreto\"},\"image\":{\"@id\":\"https:\/\/tallesbarreto.com.br\/site\/#\/schema\/logo\/image\/\"}},{\"@type\":\"WebSite\",\"@id\":\"https:\/\/tallesbarreto.com.br\/site\/#website\",\"url\":\"https:\/\/tallesbarreto.com.br\/site\/\",\"name\":\"Deputado Estadual Talles Barreto\",\"description\":\"\",\"publisher\":{\"@id\":\"https:\/\/tallesbarreto.com.br\/site\/#organization\"},\"potentialAction\":[{\"@type\":\"SearchAction\",\"target\":{\"@type\":\"EntryPoint\",\"urlTemplate\":\"https:\/\/tallesbarreto.com.br\/site\/?s={search_term_string}\"},\"query-input\":\"required name=search_term_string\"}],\"inLanguage\":\"pt-BR\"},{\"@type\":\"WebPage\",\"@id\":\"https:\/\/tallesbarreto.com.br\/site\/index.php\/2025\/12\/08\/talles-barreto-reune-liderancas-e-consolida-protagonismo-politico-em-encontro-realizado-em-rianapolis\/\",\"url\":\"https:\/\/tallesbarreto.com.br\/site\/index.php\/2025\/12\/08\/talles-barreto-reune-liderancas-e-consolida-protagonismo-politico-em-encontro-realizado-em-rianapolis\/\",\"name\":\"Talles Barreto re\u00fane lideran\u00e7as e consolida protagonismo pol\u00edtico em encontro realizado em Rian\u00e1polis - Deputado Estadual Talles Barreto\",\"isPartOf\":{\"@id\":\"https:\/\/tallesbarreto.com.br\/site\/#website\"},\"datePublished\":\"2025-12-08T16:08:00+00:00\",\"dateModified\":\"2025-12-10T16:16:18+00:00\",\"breadcrumb\":{\"@id\":\"https:\/\/tallesbarreto.com.br\/site\/index.php\/2025\/12\/08\/talles-barreto-reune-liderancas-e-consolida-protagonismo-politico-em-encontro-realizado-em-rianapolis\/#breadcrumb\"},\"inLanguage\":\"pt-BR\",\"potentialAction\":[{\"@type\":\"ReadAction\",\"target\":[\"https:\/\/tallesbarreto.com.br\/site\/index.php\/2025\/12\/08\/talles-barreto-reune-liderancas-e-consolida-protagonismo-politico-em-encontro-realizado-em-rianapolis\/\"]}]},{\"@type\":\"BreadcrumbList\",\"@id\":\"https:\/\/tallesbarreto.com.br\/site\/index.php\/2025\/12\/08\/talles-barreto-reune-liderancas-e-consolida-protagonismo-politico-em-encontro-realizado-em-rianapolis\/#breadcrumb\",\"itemListElement\":[{\"@type\":\"ListItem\",\"position\":1,\"name\":\"In\u00edcio\",\"item\":\"https:\/\/tallesbarreto.com.br\/site\/\"},{\"@type\":\"ListItem\",\"position\":2,\"name\":\"Talles Barreto re\u00fane lideran\u00e7as e consolida protagonismo pol\u00edtico em encontro realizado em Rian\u00e1polis\"}]},{\"@type\":\"Article\",\"@id\":\"https:\/\/tallesbarreto.com.br\/site\/index.php\/2025\/12\/08\/talles-barreto-reune-liderancas-e-consolida-protagonismo-politico-em-encontro-realizado-em-rianapolis\/#article\",\"isPartOf\":{\"@id\":\"https:\/\/tallesbarreto.com.br\/site\/index.php\/2025\/12\/08\/talles-barreto-reune-liderancas-e-consolida-protagonismo-politico-em-encontro-realizado-em-rianapolis\/\"},\"author\":{\"name\":\"brunna\",\"@id\":\"https:\/\/tallesbarreto.com.br\/site\/#\/schema\/person\/5bea009e77796979c19941ebd38a4886\"},\"headline\":\"Talles Barreto re\u00fane lideran\u00e7as e consolida protagonismo pol\u00edtico em encontro realizado em Rian\u00e1polis\",\"datePublished\":\"2025-12-08T16:08:00+00:00\",\"dateModified\":\"2025-12-10T16:16:18+00:00\",\"mainEntityOfPage\":{\"@id\":\"https:\/\/tallesbarreto.com.br\/site\/index.php\/2025\/12\/08\/talles-barreto-reune-liderancas-e-consolida-protagonismo-politico-em-encontro-realizado-em-rianapolis\/\"},\"wordCount\":361,\"publisher\":{\"@id\":\"https:\/\/tallesbarreto.com.br\/site\/#organization\"},\"articleSection\":[\"Saiu na M\u00eddia\"],\"inLanguage\":\"pt-BR\"},{\"@type\":\"Person\",\"@id\":\"https:\/\/tallesbarreto.com.br\/site\/#\/schema\/person\/5bea009e77796979c19941ebd38a4886\",\"name\":\"brunna\",\"image\":{\"@type\":\"ImageObject\",\"inLanguage\":\"pt-BR\",\"@id\":\"https:\/\/tallesbarreto.com.br\/site\/#\/schema\/person\/image\/\",\"url\":\"https:\/\/secure.gravatar.com\/avatar\/9f437887eff5a42295e1b9835aeb67b4?s=96&d=mm&r=g\",\"contentUrl\":\"https:\/\/secure.gravatar.com\/avatar\/9f437887eff5a42295e1b9835aeb67b4?s=96&d=mm&r=g\",\"caption\":\"brunna\"},\"url\":\"https:\/\/tallesbarreto.com.br\/site\/index.php\/author\/brunna\/\"}]}<\/script>\n<!-- \/ Yoast SEO plugin. -->","yoast_head_json":{"title":"Talles Barreto re\u00fane lideran\u00e7as e consolida protagonismo pol\u00edtico em encontro realizado em Rian\u00e1polis - Deputado Estadual Talles Barreto","robots":{"index":"index","follow":"follow","max-snippet":"max-snippet:-1","max-image-preview":"max-image-preview:large","max-video-preview":"max-video-preview:-1"},"canonical":"https:\/\/tallesbarreto.com.br\/site\/index.php\/2025\/12\/08\/talles-barreto-reune-liderancas-e-consolida-protagonismo-politico-em-encontro-realizado-em-rianapolis\/","og_locale":"pt_BR","og_type":"article","og_title":"Talles Barreto re\u00fane lideran\u00e7as e consolida protagonismo pol\u00edtico em encontro realizado em Rian\u00e1polis - Deputado Estadual Talles Barreto","og_description":"O Encontro de L\u00edderes que Transformam Goi\u00e1s, realizado na Fazenda Santa Izildinha em Rian\u00e1polis, reuniu importantes nomes da pol\u00edtica goiana em um ambiente de di\u00e1logo estrat\u00e9gico e fortalecimento institucional. Idealizado e conduzido pelo deputado estadual Talles Barreto, l\u00edder do Governo na Assembleia Legislativa de Goi\u00e1s, o evento promovido no s\u00e1bado (6) durante todo o dia [&hellip;]","og_url":"https:\/\/tallesbarreto.com.br\/site\/index.php\/2025\/12\/08\/talles-barreto-reune-liderancas-e-consolida-protagonismo-politico-em-encontro-realizado-em-rianapolis\/","og_site_name":"Deputado Estadual Talles Barreto","article_publisher":"https:\/\/www.facebook.com\/deputadotallesbarreto\/","article_published_time":"2025-12-08T16:08:00+00:00","article_modified_time":"2025-12-10T16:16:18+00:00","og_image":[{"url":"https:\/\/tallesbarreto.com.br\/site\/wp-content\/uploads\/2025\/12\/WERF0101-1024x683.jpg"}],"author":"brunna","twitter_card":"summary_large_image","twitter_creator":"@talles_barreto","twitter_site":"@talles_barreto","twitter_misc":{"Escrito por":"brunna","Est. tempo de leitura":"3 minutos"},"schema":{"@context":"https:\/\/schema.org","@graph":[{"@type":"Organization","@id":"https:\/\/tallesbarreto.com.br\/site\/#organization","name":"Deputado Estadual Talles Barreto","url":"https:\/\/tallesbarreto.com.br\/site\/","sameAs":["https:\/\/www.instagram.com\/deputadotallesbarreto\/","https:\/\/www.facebook.com\/deputadotallesbarreto\/","https:\/\/twitter.com\/talles_barreto"],"logo":{"@type":"ImageObject","inLanguage":"pt-BR","@id":"https:\/\/tallesbarreto.com.br\/site\/#\/schema\/logo\/image\/","url":"https:\/\/tallesbarreto.com.br\/site\/wp-content\/uploads\/2019\/09\/logo-1.png","contentUrl":"https:\/\/tallesbarreto.com.br\/site\/wp-content\/uploads\/2019\/09\/logo-1.png","width":2481,"height":1226,"caption":"Deputado Estadual Talles Barreto"},"image":{"@id":"https:\/\/tallesbarreto.com.br\/site\/#\/schema\/logo\/image\/"}},{"@type":"WebSite","@id":"https:\/\/tallesbarreto.com.br\/site\/#website","url":"https:\/\/tallesbarreto.com.br\/site\/","name":"Deputado Estadual Talles Barreto","description":"","publisher":{"@id":"https:\/\/tallesbarreto.com.br\/site\/#organization"},"potentialAction":[{"@type":"SearchAction","target":{"@type":"EntryPoint","urlTemplate":"https:\/\/tallesbarreto.com.br\/site\/?s={search_term_string}"},"query-input":"required name=search_term_string"}],"inLanguage":"pt-BR"},{"@type":"WebPage","@id":"https:\/\/tallesbarreto.com.br\/site\/index.php\/2025\/12\/08\/talles-barreto-reune-liderancas-e-consolida-protagonismo-politico-em-encontro-realizado-em-rianapolis\/","url":"https:\/\/tallesbarreto.com.br\/site\/index.php\/2025\/12\/08\/talles-barreto-reune-liderancas-e-consolida-protagonismo-politico-em-encontro-realizado-em-rianapolis\/","name":"Talles Barreto re\u00fane lideran\u00e7as e consolida protagonismo pol\u00edtico em encontro realizado em Rian\u00e1polis - Deputado Estadual Talles Barreto","isPartOf":{"@id":"https:\/\/tallesbarreto.com.br\/site\/#website"},"datePublished":"2025-12-08T16:08:00+00:00","dateModified":"2025-12-10T16:16:18+00:00","breadcrumb":{"@id":"https:\/\/tallesbarreto.com.br\/site\/index.php\/2025\/12\/08\/talles-barreto-reune-liderancas-e-consolida-protagonismo-politico-em-encontro-realizado-em-rianapolis\/#breadcrumb"},"inLanguage":"pt-BR","potentialAction":[{"@type":"ReadAction","target":["https:\/\/tallesbarreto.com.br\/site\/index.php\/2025\/12\/08\/talles-barreto-reune-liderancas-e-consolida-protagonismo-politico-em-encontro-realizado-em-rianapolis\/"]}]},{"@type":"BreadcrumbList","@id":"https:\/\/tallesbarreto.com.br\/site\/index.php\/2025\/12\/08\/talles-barreto-reune-liderancas-e-consolida-protagonismo-politico-em-encontro-realizado-em-rianapolis\/#breadcrumb","itemListElement":[{"@type":"ListItem","position":1,"name":"In\u00edcio","item":"https:\/\/tallesbarreto.com.br\/site\/"},{"@type":"ListItem","position":2,"name":"Talles Barreto re\u00fane lideran\u00e7as e consolida protagonismo pol\u00edtico em encontro realizado em Rian\u00e1polis"}]},{"@type":"Article","@id":"https:\/\/tallesbarreto.com.br\/site\/index.php\/2025\/12\/08\/talles-barreto-reune-liderancas-e-consolida-protagonismo-politico-em-encontro-realizado-em-rianapolis\/#article","isPartOf":{"@id":"https:\/\/tallesbarreto.com.br\/site\/index.php\/2025\/12\/08\/talles-barreto-reune-liderancas-e-consolida-protagonismo-politico-em-encontro-realizado-em-rianapolis\/"},"author":{"name":"brunna","@id":"https:\/\/tallesbarreto.com.br\/site\/#\/schema\/person\/5bea009e77796979c19941ebd38a4886"},"headline":"Talles Barreto re\u00fane lideran\u00e7as e consolida protagonismo pol\u00edtico em encontro realizado em Rian\u00e1polis","datePublished":"2025-12-08T16:08:00+00:00","dateModified":"2025-12-10T16:16:18+00:00","mainEntityOfPage":{"@id":"https:\/\/tallesbarreto.com.br\/site\/index.php\/2025\/12\/08\/talles-barreto-reune-liderancas-e-consolida-protagonismo-politico-em-encontro-realizado-em-rianapolis\/"},"wordCount":361,"publisher":{"@id":"https:\/\/tallesbarreto.com.br\/site\/#organization"},"articleSection":["Saiu na M\u00eddia"],"inLanguage":"pt-BR"},{"@type":"Person","@id":"https:\/\/tallesbarreto.com.br\/site\/#\/schema\/person\/5bea009e77796979c19941ebd38a4886","name":"brunna","image":{"@type":"ImageObject","inLanguage":"pt-BR","@id":"https:\/\/tallesbarreto.com.br\/site\/#\/schema\/person\/image\/","url":"https:\/\/secure.gravatar.com\/avatar\/9f437887eff5a42295e1b9835aeb67b4?s=96&d=mm&r=g","contentUrl":"https:\/\/secure.gravatar.com\/avatar\/9f437887eff5a42295e1b9835aeb67b4?s=96&d=mm&r=g","caption":"brunna"},"url":"https:\/\/tallesbarreto.com.br\/site\/index.php\/author\/brunna\/"}]}},"jetpack_featured_media_url":"","_links":{"self":[{"href":"https:\/\/tallesbarreto.com.br\/site\/index.php\/wp-json\/wp\/v2\/posts\/1694"}],"collection":[{"href":"https:\/\/tallesbarreto.com.br\/site\/index.php\/wp-json\/wp\/v2\/posts"}],"about":[{"href":"https:\/\/tallesbarreto.com.br\/site\/index.php\/wp-json\/wp\/v2\/types\/post"}],"author":[{"embeddable":true,"href":"https:\/\/tallesbarreto.com.br\/site\/index.php\/wp-json\/wp\/v2\/users\/3"}],"replies":[{"embeddable":true,"href":"https:\/\/tallesbarreto.com.br\/site\/index.php\/wp-json\/wp\/v2\/comments?post=1694"}],"version-history":[{"count":2,"href":"https:\/\/tallesbarreto.com.br\/site\/index.php\/wp-json\/wp\/v2\/posts\/1694\/revisions"}],"predecessor-version":[{"id":1698,"href":"https:\/\/tallesbarreto.com.br\/site\/index.php\/wp-json\/wp\/v2\/posts\/1694\/revisions\/1698"}],"wp:attachment":[{"href":"https:\/\/tallesbarreto.com.br\/site\/index.php\/wp-json\/wp\/v2\/media?parent=1694"}],"wp:term":[{"taxonomy":"category","embeddable":true,"href":"https:\/\/tallesbarreto.com.br\/site\/index.php\/wp-json\/wp\/v2\/categories?post=1694"},{"taxonomy":"post_tag","embeddable":true,"href":"https:\/\/tallesbarreto.com.br\/site\/index.php\/wp-json\/wp\/v2\/tags?post=1694"}],"curies":[{"name":"wp","href":"https:\/\/api.w.org\/{rel}","templated":true}]}}