{"id":1518,"date":"2022-05-31T08:38:00","date_gmt":"2022-05-31T11:38:00","guid":{"rendered":"https:\/\/tallesbarreto.com.br\/site\/?p=1518"},"modified":"2022-05-31T11:46:11","modified_gmt":"2022-05-31T14:46:11","slug":"desembargadores-do-trt-sao-homenageados-por-talles-barreto-em-sessao-solene","status":"publish","type":"post","link":"https:\/\/tallesbarreto.com.br\/site\/index.php\/2022\/05\/31\/desembargadores-do-trt-sao-homenageados-por-talles-barreto-em-sessao-solene\/","title":{"rendered":"Desembargadores do TRT s\u00e3o homenageados por Talles Barreto em Sess\u00e3o Solene"},"content":{"rendered":"\n<figure class=\"wp-block-image size-large\"><img loading=\"lazy\" width=\"648\" height=\"432\" src=\"https:\/\/i0.wp.com\/tallesbarreto.com.br\/site\/wp-content\/uploads\/2022\/05\/Sergio-Rocha-210.jpg?resize=648%2C432&#038;ssl=1\" alt=\"\" class=\"wp-image-1519\" srcset=\"https:\/\/i0.wp.com\/tallesbarreto.com.br\/site\/wp-content\/uploads\/2022\/05\/Sergio-Rocha-210.jpg?resize=1024%2C682&amp;ssl=1 1024w, https:\/\/i0.wp.com\/tallesbarreto.com.br\/site\/wp-content\/uploads\/2022\/05\/Sergio-Rocha-210.jpg?resize=300%2C200&amp;ssl=1 300w, https:\/\/i0.wp.com\/tallesbarreto.com.br\/site\/wp-content\/uploads\/2022\/05\/Sergio-Rocha-210.jpg?resize=768%2C511&amp;ssl=1 768w, https:\/\/i0.wp.com\/tallesbarreto.com.br\/site\/wp-content\/uploads\/2022\/05\/Sergio-Rocha-210.jpg?resize=1536%2C1022&amp;ssl=1 1536w, https:\/\/i0.wp.com\/tallesbarreto.com.br\/site\/wp-content\/uploads\/2022\/05\/Sergio-Rocha-210.jpg?resize=2048%2C1363&amp;ssl=1 2048w, https:\/\/i0.wp.com\/tallesbarreto.com.br\/site\/wp-content\/uploads\/2022\/05\/Sergio-Rocha-210.jpg?w=1296&amp;ssl=1 1296w, https:\/\/i0.wp.com\/tallesbarreto.com.br\/site\/wp-content\/uploads\/2022\/05\/Sergio-Rocha-210.jpg?w=1944&amp;ssl=1 1944w\" sizes=\"(max-width: 648px) 100vw, 648px\" data-recalc-dims=\"1\" \/><figcaption><em>Desembargadores e desembargadoras do TRT recebem homenagem na Assembleia Legislativa por iniciativa de Talles Barreto (foto: S\u00e9rgio Rocha)<\/em><\/figcaption><\/figure>\n\n\n\n<p>O deputado estadual Talles Barreto promoveu, na noite dessa segunda-feira (30) na Assembleia Legislativa sess\u00e3o solene para entrega do T\u00edtulo de Cidadania Goiana e Medalha Pedro Ludovico Teixeira para desembargadores do Tribunal Regional do Trabalho de Goi\u00e1s (TRT-GO), 18\u00ba Regi\u00e3o.<\/p>\n\n\n\n<p><\/p>\n\n\n\n<p>Os homenageados da noite que n\u00e3o s\u00e3o nascidos em Goi\u00e1s foram agraciados com o T\u00edtulo de Cidadania Goiana. Sendo eles: Paulo S\u00e9rgio Pimenta, Geraldo Rodrigues do Nascimento, Gentil Pio de Oliveira, Silene Aparecida Coelho, Eug\u00eanio Jos\u00e9 Ces\u00e1rio Rosa, Platon Teixeira de Azevedo Filho e M\u00e1rio S\u00e9rgio Bottazzo.<\/p>\n\n\n\n<p>Os demais, que s\u00e3o goianos por origem, foram condecorados com a Medalha do M\u00e9rito Legislativo Pedro Ludovico: o presidente do TRT 18\u00aa Regi\u00e3o, Daniel Viana J\u00fanior; Kathia Maria Bomtempo de Albuquerque, Elvecio Moura dos Santos, Iara Teixeira Rios, Welington Lu\u00eds Peixoto e Rosa Nair da Silva Nogueira Reis.<\/p>\n\n\n\n<p>O autor da propositura, Talles Barreto ressaltou que mesmo em tempos de pandemia, o TRT se manteve sua produtividade, sendo agraciado com o pr\u00eamio do Conselho Nacional de Justi\u00e7a (CNJ) de qualidade, na categoria Diamante, por duas vezes consecutivas, nos dois \u00faltimos anos. \u201cA Justi\u00e7a Trabalhista nunca se fez t\u00e3o importante quanto nos dias atuais. Infelizmente, ainda temos um n\u00famero significativo de descumprimento das normas trabalhistas, casos de acidentes de trabalho, condi\u00e7\u00f5es de trabalho degradantes, entre outras demandas pertinentes a essa \u00e1rea. Mas, gra\u00e7as ao trabalho \u00e1rduo dos senhores, em conjunto com outros \u00f3rg\u00e3os fiscalizadores, esse n\u00famero vem decrescendo\u201d, pontuou o parlamentar.<\/p>\n\n\n\n<figure class=\"wp-block-image size-large\"><img loading=\"lazy\" width=\"648\" height=\"432\" src=\"https:\/\/i0.wp.com\/tallesbarreto.com.br\/site\/wp-content\/uploads\/2022\/05\/Sergio-Rocha-46-1.jpg?resize=648%2C432&#038;ssl=1\" alt=\"\" class=\"wp-image-1522\" srcset=\"https:\/\/i0.wp.com\/tallesbarreto.com.br\/site\/wp-content\/uploads\/2022\/05\/Sergio-Rocha-46-1.jpg?resize=1024%2C682&amp;ssl=1 1024w, https:\/\/i0.wp.com\/tallesbarreto.com.br\/site\/wp-content\/uploads\/2022\/05\/Sergio-Rocha-46-1.jpg?resize=300%2C200&amp;ssl=1 300w, https:\/\/i0.wp.com\/tallesbarreto.com.br\/site\/wp-content\/uploads\/2022\/05\/Sergio-Rocha-46-1.jpg?resize=768%2C511&amp;ssl=1 768w, https:\/\/i0.wp.com\/tallesbarreto.com.br\/site\/wp-content\/uploads\/2022\/05\/Sergio-Rocha-46-1.jpg?resize=1536%2C1022&amp;ssl=1 1536w, https:\/\/i0.wp.com\/tallesbarreto.com.br\/site\/wp-content\/uploads\/2022\/05\/Sergio-Rocha-46-1.jpg?resize=2048%2C1363&amp;ssl=1 2048w, https:\/\/i0.wp.com\/tallesbarreto.com.br\/site\/wp-content\/uploads\/2022\/05\/Sergio-Rocha-46-1.jpg?w=1296&amp;ssl=1 1296w, https:\/\/i0.wp.com\/tallesbarreto.com.br\/site\/wp-content\/uploads\/2022\/05\/Sergio-Rocha-46-1.jpg?w=1944&amp;ssl=1 1944w\" sizes=\"(max-width: 648px) 100vw, 648px\" data-recalc-dims=\"1\" \/><\/figure>\n\n\n\n<p>Para Talles, a Justi\u00e7a do Trabalho, em especial a goiana, \u00e9 refer\u00eancia para outros estados, em celeridade para atender o bem comum, mostrando-se cada vez mais eficaz na solu\u00e7\u00e3o de conflitos. \u201cEssas homenagens s\u00e3o mais do que justas, n\u00e3o apenas pela atua\u00e7\u00e3o e dinamismo pelos quais exercem o of\u00edcio ora escolhido, mas tamb\u00e9m pelo amor e entrega ao nosso estado. Ter voc\u00eas em Goi\u00e1s, trabalhando para a garantia dos direitos dos empregados e empregadores conforme os princ\u00edpios da justi\u00e7a, \u00e9 uma enorme alegria para n\u00f3s.\u201d<\/p>\n\n\n\n<p>O parlamentar finalizou que seu desejo era que os homenageados sentissem a nossa gratid\u00e3o pelos seus servi\u00e7os. &#8220;E que Deus os aben\u00e7oe e d\u00ea sabedoria para que cumpram suas miss\u00f5es\u201d, disse.<\/p>\n\n\n\n<p>O desembargador Welington Lu\u00eds Peixoto subiu \u00e0 tribuna para agradecer em nome dos condecorados. Falou de sua gratid\u00e3o e felicidade por receber a homenagem e lembrou detalhes pessoais da rela\u00e7\u00e3o com o deputado. O presidente do TRT 18\u00aa Regi\u00e3o, Daniel Viana J\u00fanior, destacou, durante seu discurso, que os homenageados da noite s\u00e3o \u201cmulheres e homens que n\u00e3o se afastam de suas miss\u00f5es, buscando resolver de forma imparcial e justa as situa\u00e7\u00f5es, promovendo a pacifica\u00e7\u00e3o social\u201d.<\/p>\n\n\n\n<figure class=\"wp-block-image size-large\"><img loading=\"lazy\" width=\"648\" height=\"432\" src=\"https:\/\/i0.wp.com\/tallesbarreto.com.br\/site\/wp-content\/uploads\/2022\/05\/Sergio-Rocha-102.jpg?resize=648%2C432&#038;ssl=1\" alt=\"\" class=\"wp-image-1521\" srcset=\"https:\/\/i0.wp.com\/tallesbarreto.com.br\/site\/wp-content\/uploads\/2022\/05\/Sergio-Rocha-102.jpg?resize=1024%2C682&amp;ssl=1 1024w, https:\/\/i0.wp.com\/tallesbarreto.com.br\/site\/wp-content\/uploads\/2022\/05\/Sergio-Rocha-102.jpg?resize=300%2C200&amp;ssl=1 300w, https:\/\/i0.wp.com\/tallesbarreto.com.br\/site\/wp-content\/uploads\/2022\/05\/Sergio-Rocha-102.jpg?resize=768%2C511&amp;ssl=1 768w, https:\/\/i0.wp.com\/tallesbarreto.com.br\/site\/wp-content\/uploads\/2022\/05\/Sergio-Rocha-102.jpg?resize=1536%2C1022&amp;ssl=1 1536w, https:\/\/i0.wp.com\/tallesbarreto.com.br\/site\/wp-content\/uploads\/2022\/05\/Sergio-Rocha-102.jpg?resize=2048%2C1363&amp;ssl=1 2048w, https:\/\/i0.wp.com\/tallesbarreto.com.br\/site\/wp-content\/uploads\/2022\/05\/Sergio-Rocha-102.jpg?w=1296&amp;ssl=1 1296w, https:\/\/i0.wp.com\/tallesbarreto.com.br\/site\/wp-content\/uploads\/2022\/05\/Sergio-Rocha-102.jpg?w=1944&amp;ssl=1 1944w\" sizes=\"(max-width: 648px) 100vw, 648px\" data-recalc-dims=\"1\" \/><\/figure>\n\n\n\n<p>O desembargador Gentil Pio de Oliveira tamb\u00e9m discursou, falando em nome dos homenageados com T\u00edtulo de Cidadania Goiana. \u201c\u00c9 gratificante estarmos na Casa que, democraticamente, representa a todos n\u00f3s, goianos, por nascimento ou op\u00e7\u00e3o. Entre os homenageados, sou o mais antigo a vir para Goi\u00e1s. Foi na \u00e9poca em que o Brasil vivia o final do governo de Get\u00falio Vargas\u201d, contou.<\/p>\n\n\n\n<p>Compuseram a mesa de trabalhos, al\u00e9m de Talles Barreto na presid\u00eancia: o secret\u00e1rio de Estado da Casa Civil, Jorge Lu\u00eds Pinchemel, representante do governador Ronaldo Caiado (UB); o secret\u00e1rio de Educa\u00e7\u00e3o de Goi\u00e2nia, Wellington Oliveira, representante do prefeito Rog\u00e9rio Cruz (Republicanos); o presidente do TRT 18\u00aa Regi\u00e3o, Daniel Viana J\u00fanior; e o desembargador Platon Teixeira de Azevedo Filho.<\/p>\n\n\n\n<p>Tamb\u00e9m fizeram parte da mesa: o vice-procurador chefe do Minist\u00e9rio P\u00fablico de Goi\u00e1s (MP-GO), Janu\u00e1rio Justino Ferreira, e o diretor tesoureiro da Ordem dos Advogados de Goi\u00e1s (OAB-GO), Eduardo Cardoso J\u00fanior, representante do presidente da OAB-GO, Rafael Lara Martins.<\/p>\n","protected":false},"excerpt":{"rendered":"<p>O deputado estadual Talles Barreto promoveu, na noite dessa segunda-feira (30) na Assembleia Legislativa sess\u00e3o solene para entrega do T\u00edtulo de Cidadania Goiana e Medalha Pedro Ludovico Teixeira para desembargadores do Tribunal Regional do Trabalho de Goi\u00e1s (TRT-GO), 18\u00ba Regi\u00e3o. Os homenageados da noite que n\u00e3o s\u00e3o nascidos em Goi\u00e1s foram agraciados com o T\u00edtulo [&hellip;]<\/p>\n","protected":false},"author":3,"featured_media":0,"comment_status":"closed","ping_status":"open","sticky":false,"template":"","format":"standard","meta":{"spay_email":""},"categories":[12],"tags":[],"yoast_head":"<!-- This site is optimized with the Yoast SEO plugin v19.4 - https:\/\/yoast.com\/wordpress\/plugins\/seo\/ -->\n<title>Desembargadores do TRT s\u00e3o homenageados por Talles Barreto em Sess\u00e3o Solene - Deputado Estadual Talles Barreto<\/title>\n<meta name=\"robots\" content=\"index, follow, max-snippet:-1, max-image-preview:large, max-video-preview:-1\" \/>\n<link rel=\"canonical\" href=\"https:\/\/tallesbarreto.com.br\/site\/index.php\/2022\/05\/31\/desembargadores-do-trt-sao-homenageados-por-talles-barreto-em-sessao-solene\/\" \/>\n<meta property=\"og:locale\" content=\"pt_BR\" \/>\n<meta property=\"og:type\" content=\"article\" \/>\n<meta property=\"og:title\" content=\"Desembargadores do TRT s\u00e3o homenageados por Talles Barreto em Sess\u00e3o Solene - Deputado Estadual Talles Barreto\" \/>\n<meta property=\"og:description\" content=\"O deputado estadual Talles Barreto promoveu, na noite dessa segunda-feira (30) na Assembleia Legislativa sess\u00e3o solene para entrega do T\u00edtulo de Cidadania Goiana e Medalha Pedro Ludovico Teixeira para desembargadores do Tribunal Regional do Trabalho de Goi\u00e1s (TRT-GO), 18\u00ba Regi\u00e3o. Os homenageados da noite que n\u00e3o s\u00e3o nascidos em Goi\u00e1s foram agraciados com o T\u00edtulo [&hellip;]\" \/>\n<meta property=\"og:url\" content=\"https:\/\/tallesbarreto.com.br\/site\/index.php\/2022\/05\/31\/desembargadores-do-trt-sao-homenageados-por-talles-barreto-em-sessao-solene\/\" \/>\n<meta property=\"og:site_name\" content=\"Deputado Estadual Talles Barreto\" \/>\n<meta property=\"article:publisher\" content=\"https:\/\/www.facebook.com\/deputadotallesbarreto\/\" \/>\n<meta property=\"article:published_time\" content=\"2022-05-31T11:38:00+00:00\" \/>\n<meta property=\"article:modified_time\" content=\"2022-05-31T14:46:11+00:00\" \/>\n<meta property=\"og:image\" content=\"https:\/\/tallesbarreto.com.br\/site\/wp-content\/uploads\/2022\/05\/Sergio-Rocha-210-1024x682.jpg\" \/>\n<meta name=\"author\" content=\"brunna\" \/>\n<meta name=\"twitter:card\" content=\"summary_large_image\" \/>\n<meta name=\"twitter:creator\" content=\"@talles_barreto\" \/>\n<meta name=\"twitter:site\" content=\"@talles_barreto\" \/>\n<meta name=\"twitter:label1\" content=\"Escrito por\" \/>\n\t<meta name=\"twitter:data1\" content=\"brunna\" \/>\n\t<meta name=\"twitter:label2\" content=\"Est. tempo de leitura\" \/>\n\t<meta name=\"twitter:data2\" content=\"4 minutos\" \/>\n<script type=\"application\/ld+json\" class=\"yoast-schema-graph\">{\"@context\":\"https:\/\/schema.org\",\"@graph\":[{\"@type\":\"Organization\",\"@id\":\"https:\/\/tallesbarreto.com.br\/site\/#organization\",\"name\":\"Deputado Estadual Talles Barreto\",\"url\":\"https:\/\/tallesbarreto.com.br\/site\/\",\"sameAs\":[\"https:\/\/www.instagram.com\/deputadotallesbarreto\/\",\"https:\/\/www.facebook.com\/deputadotallesbarreto\/\",\"https:\/\/twitter.com\/talles_barreto\"],\"logo\":{\"@type\":\"ImageObject\",\"inLanguage\":\"pt-BR\",\"@id\":\"https:\/\/tallesbarreto.com.br\/site\/#\/schema\/logo\/image\/\",\"url\":\"https:\/\/tallesbarreto.com.br\/site\/wp-content\/uploads\/2019\/09\/logo-1.png\",\"contentUrl\":\"https:\/\/tallesbarreto.com.br\/site\/wp-content\/uploads\/2019\/09\/logo-1.png\",\"width\":2481,\"height\":1226,\"caption\":\"Deputado Estadual Talles Barreto\"},\"image\":{\"@id\":\"https:\/\/tallesbarreto.com.br\/site\/#\/schema\/logo\/image\/\"}},{\"@type\":\"WebSite\",\"@id\":\"https:\/\/tallesbarreto.com.br\/site\/#website\",\"url\":\"https:\/\/tallesbarreto.com.br\/site\/\",\"name\":\"Deputado Estadual Talles Barreto\",\"description\":\"\",\"publisher\":{\"@id\":\"https:\/\/tallesbarreto.com.br\/site\/#organization\"},\"potentialAction\":[{\"@type\":\"SearchAction\",\"target\":{\"@type\":\"EntryPoint\",\"urlTemplate\":\"https:\/\/tallesbarreto.com.br\/site\/?s={search_term_string}\"},\"query-input\":\"required name=search_term_string\"}],\"inLanguage\":\"pt-BR\"},{\"@type\":\"WebPage\",\"@id\":\"https:\/\/tallesbarreto.com.br\/site\/index.php\/2022\/05\/31\/desembargadores-do-trt-sao-homenageados-por-talles-barreto-em-sessao-solene\/\",\"url\":\"https:\/\/tallesbarreto.com.br\/site\/index.php\/2022\/05\/31\/desembargadores-do-trt-sao-homenageados-por-talles-barreto-em-sessao-solene\/\",\"name\":\"Desembargadores do TRT s\u00e3o homenageados por Talles Barreto em Sess\u00e3o Solene - Deputado Estadual Talles Barreto\",\"isPartOf\":{\"@id\":\"https:\/\/tallesbarreto.com.br\/site\/#website\"},\"datePublished\":\"2022-05-31T11:38:00+00:00\",\"dateModified\":\"2022-05-31T14:46:11+00:00\",\"breadcrumb\":{\"@id\":\"https:\/\/tallesbarreto.com.br\/site\/index.php\/2022\/05\/31\/desembargadores-do-trt-sao-homenageados-por-talles-barreto-em-sessao-solene\/#breadcrumb\"},\"inLanguage\":\"pt-BR\",\"potentialAction\":[{\"@type\":\"ReadAction\",\"target\":[\"https:\/\/tallesbarreto.com.br\/site\/index.php\/2022\/05\/31\/desembargadores-do-trt-sao-homenageados-por-talles-barreto-em-sessao-solene\/\"]}]},{\"@type\":\"BreadcrumbList\",\"@id\":\"https:\/\/tallesbarreto.com.br\/site\/index.php\/2022\/05\/31\/desembargadores-do-trt-sao-homenageados-por-talles-barreto-em-sessao-solene\/#breadcrumb\",\"itemListElement\":[{\"@type\":\"ListItem\",\"position\":1,\"name\":\"In\u00edcio\",\"item\":\"https:\/\/tallesbarreto.com.br\/site\/\"},{\"@type\":\"ListItem\",\"position\":2,\"name\":\"Desembargadores do TRT s\u00e3o homenageados por Talles Barreto em Sess\u00e3o Solene\"}]},{\"@type\":\"Article\",\"@id\":\"https:\/\/tallesbarreto.com.br\/site\/index.php\/2022\/05\/31\/desembargadores-do-trt-sao-homenageados-por-talles-barreto-em-sessao-solene\/#article\",\"isPartOf\":{\"@id\":\"https:\/\/tallesbarreto.com.br\/site\/index.php\/2022\/05\/31\/desembargadores-do-trt-sao-homenageados-por-talles-barreto-em-sessao-solene\/\"},\"author\":{\"name\":\"brunna\",\"@id\":\"https:\/\/tallesbarreto.com.br\/site\/#\/schema\/person\/5bea009e77796979c19941ebd38a4886\"},\"headline\":\"Desembargadores do TRT s\u00e3o homenageados por Talles Barreto em Sess\u00e3o Solene\",\"datePublished\":\"2022-05-31T11:38:00+00:00\",\"dateModified\":\"2022-05-31T14:46:11+00:00\",\"mainEntityOfPage\":{\"@id\":\"https:\/\/tallesbarreto.com.br\/site\/index.php\/2022\/05\/31\/desembargadores-do-trt-sao-homenageados-por-talles-barreto-em-sessao-solene\/\"},\"wordCount\":686,\"publisher\":{\"@id\":\"https:\/\/tallesbarreto.com.br\/site\/#organization\"},\"articleSection\":[\"Saiu na M\u00eddia\"],\"inLanguage\":\"pt-BR\"},{\"@type\":\"Person\",\"@id\":\"https:\/\/tallesbarreto.com.br\/site\/#\/schema\/person\/5bea009e77796979c19941ebd38a4886\",\"name\":\"brunna\",\"image\":{\"@type\":\"ImageObject\",\"inLanguage\":\"pt-BR\",\"@id\":\"https:\/\/tallesbarreto.com.br\/site\/#\/schema\/person\/image\/\",\"url\":\"https:\/\/secure.gravatar.com\/avatar\/9f437887eff5a42295e1b9835aeb67b4?s=96&d=mm&r=g\",\"contentUrl\":\"https:\/\/secure.gravatar.com\/avatar\/9f437887eff5a42295e1b9835aeb67b4?s=96&d=mm&r=g\",\"caption\":\"brunna\"},\"url\":\"https:\/\/tallesbarreto.com.br\/site\/index.php\/author\/brunna\/\"}]}<\/script>\n<!-- \/ Yoast SEO plugin. -->","yoast_head_json":{"title":"Desembargadores do TRT s\u00e3o homenageados por Talles Barreto em Sess\u00e3o Solene - Deputado Estadual Talles Barreto","robots":{"index":"index","follow":"follow","max-snippet":"max-snippet:-1","max-image-preview":"max-image-preview:large","max-video-preview":"max-video-preview:-1"},"canonical":"https:\/\/tallesbarreto.com.br\/site\/index.php\/2022\/05\/31\/desembargadores-do-trt-sao-homenageados-por-talles-barreto-em-sessao-solene\/","og_locale":"pt_BR","og_type":"article","og_title":"Desembargadores do TRT s\u00e3o homenageados por Talles Barreto em Sess\u00e3o Solene - Deputado Estadual Talles Barreto","og_description":"O deputado estadual Talles Barreto promoveu, na noite dessa segunda-feira (30) na Assembleia Legislativa sess\u00e3o solene para entrega do T\u00edtulo de Cidadania Goiana e Medalha Pedro Ludovico Teixeira para desembargadores do Tribunal Regional do Trabalho de Goi\u00e1s (TRT-GO), 18\u00ba Regi\u00e3o. Os homenageados da noite que n\u00e3o s\u00e3o nascidos em Goi\u00e1s foram agraciados com o T\u00edtulo [&hellip;]","og_url":"https:\/\/tallesbarreto.com.br\/site\/index.php\/2022\/05\/31\/desembargadores-do-trt-sao-homenageados-por-talles-barreto-em-sessao-solene\/","og_site_name":"Deputado Estadual Talles Barreto","article_publisher":"https:\/\/www.facebook.com\/deputadotallesbarreto\/","article_published_time":"2022-05-31T11:38:00+00:00","article_modified_time":"2022-05-31T14:46:11+00:00","og_image":[{"url":"https:\/\/tallesbarreto.com.br\/site\/wp-content\/uploads\/2022\/05\/Sergio-Rocha-210-1024x682.jpg"}],"author":"brunna","twitter_card":"summary_large_image","twitter_creator":"@talles_barreto","twitter_site":"@talles_barreto","twitter_misc":{"Escrito por":"brunna","Est. tempo de leitura":"4 minutos"},"schema":{"@context":"https:\/\/schema.org","@graph":[{"@type":"Organization","@id":"https:\/\/tallesbarreto.com.br\/site\/#organization","name":"Deputado Estadual Talles Barreto","url":"https:\/\/tallesbarreto.com.br\/site\/","sameAs":["https:\/\/www.instagram.com\/deputadotallesbarreto\/","https:\/\/www.facebook.com\/deputadotallesbarreto\/","https:\/\/twitter.com\/talles_barreto"],"logo":{"@type":"ImageObject","inLanguage":"pt-BR","@id":"https:\/\/tallesbarreto.com.br\/site\/#\/schema\/logo\/image\/","url":"https:\/\/tallesbarreto.com.br\/site\/wp-content\/uploads\/2019\/09\/logo-1.png","contentUrl":"https:\/\/tallesbarreto.com.br\/site\/wp-content\/uploads\/2019\/09\/logo-1.png","width":2481,"height":1226,"caption":"Deputado Estadual Talles Barreto"},"image":{"@id":"https:\/\/tallesbarreto.com.br\/site\/#\/schema\/logo\/image\/"}},{"@type":"WebSite","@id":"https:\/\/tallesbarreto.com.br\/site\/#website","url":"https:\/\/tallesbarreto.com.br\/site\/","name":"Deputado Estadual Talles Barreto","description":"","publisher":{"@id":"https:\/\/tallesbarreto.com.br\/site\/#organization"},"potentialAction":[{"@type":"SearchAction","target":{"@type":"EntryPoint","urlTemplate":"https:\/\/tallesbarreto.com.br\/site\/?s={search_term_string}"},"query-input":"required name=search_term_string"}],"inLanguage":"pt-BR"},{"@type":"WebPage","@id":"https:\/\/tallesbarreto.com.br\/site\/index.php\/2022\/05\/31\/desembargadores-do-trt-sao-homenageados-por-talles-barreto-em-sessao-solene\/","url":"https:\/\/tallesbarreto.com.br\/site\/index.php\/2022\/05\/31\/desembargadores-do-trt-sao-homenageados-por-talles-barreto-em-sessao-solene\/","name":"Desembargadores do TRT s\u00e3o homenageados por Talles Barreto em Sess\u00e3o Solene - Deputado Estadual Talles Barreto","isPartOf":{"@id":"https:\/\/tallesbarreto.com.br\/site\/#website"},"datePublished":"2022-05-31T11:38:00+00:00","dateModified":"2022-05-31T14:46:11+00:00","breadcrumb":{"@id":"https:\/\/tallesbarreto.com.br\/site\/index.php\/2022\/05\/31\/desembargadores-do-trt-sao-homenageados-por-talles-barreto-em-sessao-solene\/#breadcrumb"},"inLanguage":"pt-BR","potentialAction":[{"@type":"ReadAction","target":["https:\/\/tallesbarreto.com.br\/site\/index.php\/2022\/05\/31\/desembargadores-do-trt-sao-homenageados-por-talles-barreto-em-sessao-solene\/"]}]},{"@type":"BreadcrumbList","@id":"https:\/\/tallesbarreto.com.br\/site\/index.php\/2022\/05\/31\/desembargadores-do-trt-sao-homenageados-por-talles-barreto-em-sessao-solene\/#breadcrumb","itemListElement":[{"@type":"ListItem","position":1,"name":"In\u00edcio","item":"https:\/\/tallesbarreto.com.br\/site\/"},{"@type":"ListItem","position":2,"name":"Desembargadores do TRT s\u00e3o homenageados por Talles Barreto em Sess\u00e3o Solene"}]},{"@type":"Article","@id":"https:\/\/tallesbarreto.com.br\/site\/index.php\/2022\/05\/31\/desembargadores-do-trt-sao-homenageados-por-talles-barreto-em-sessao-solene\/#article","isPartOf":{"@id":"https:\/\/tallesbarreto.com.br\/site\/index.php\/2022\/05\/31\/desembargadores-do-trt-sao-homenageados-por-talles-barreto-em-sessao-solene\/"},"author":{"name":"brunna","@id":"https:\/\/tallesbarreto.com.br\/site\/#\/schema\/person\/5bea009e77796979c19941ebd38a4886"},"headline":"Desembargadores do TRT s\u00e3o homenageados por Talles Barreto em Sess\u00e3o Solene","datePublished":"2022-05-31T11:38:00+00:00","dateModified":"2022-05-31T14:46:11+00:00","mainEntityOfPage":{"@id":"https:\/\/tallesbarreto.com.br\/site\/index.php\/2022\/05\/31\/desembargadores-do-trt-sao-homenageados-por-talles-barreto-em-sessao-solene\/"},"wordCount":686,"publisher":{"@id":"https:\/\/tallesbarreto.com.br\/site\/#organization"},"articleSection":["Saiu na M\u00eddia"],"inLanguage":"pt-BR"},{"@type":"Person","@id":"https:\/\/tallesbarreto.com.br\/site\/#\/schema\/person\/5bea009e77796979c19941ebd38a4886","name":"brunna","image":{"@type":"ImageObject","inLanguage":"pt-BR","@id":"https:\/\/tallesbarreto.com.br\/site\/#\/schema\/person\/image\/","url":"https:\/\/secure.gravatar.com\/avatar\/9f437887eff5a42295e1b9835aeb67b4?s=96&d=mm&r=g","contentUrl":"https:\/\/secure.gravatar.com\/avatar\/9f437887eff5a42295e1b9835aeb67b4?s=96&d=mm&r=g","caption":"brunna"},"url":"https:\/\/tallesbarreto.com.br\/site\/index.php\/author\/brunna\/"}]}},"jetpack_featured_media_url":"","_links":{"self":[{"href":"https:\/\/tallesbarreto.com.br\/site\/index.php\/wp-json\/wp\/v2\/posts\/1518"}],"collection":[{"href":"https:\/\/tallesbarreto.com.br\/site\/index.php\/wp-json\/wp\/v2\/posts"}],"about":[{"href":"https:\/\/tallesbarreto.com.br\/site\/index.php\/wp-json\/wp\/v2\/types\/post"}],"author":[{"embeddable":true,"href":"https:\/\/tallesbarreto.com.br\/site\/index.php\/wp-json\/wp\/v2\/users\/3"}],"replies":[{"embeddable":true,"href":"https:\/\/tallesbarreto.com.br\/site\/index.php\/wp-json\/wp\/v2\/comments?post=1518"}],"version-history":[{"count":1,"href":"https:\/\/tallesbarreto.com.br\/site\/index.php\/wp-json\/wp\/v2\/posts\/1518\/revisions"}],"predecessor-version":[{"id":1523,"href":"https:\/\/tallesbarreto.com.br\/site\/index.php\/wp-json\/wp\/v2\/posts\/1518\/revisions\/1523"}],"wp:attachment":[{"href":"https:\/\/tallesbarreto.com.br\/site\/index.php\/wp-json\/wp\/v2\/media?parent=1518"}],"wp:term":[{"taxonomy":"category","embeddable":true,"href":"https:\/\/tallesbarreto.com.br\/site\/index.php\/wp-json\/wp\/v2\/categories?post=1518"},{"taxonomy":"post_tag","embeddable":true,"href":"https:\/\/tallesbarreto.com.br\/site\/index.php\/wp-json\/wp\/v2\/tags?post=1518"}],"curies":[{"name":"wp","href":"https:\/\/api.w.org\/{rel}","templated":true}]}}