{"id":1494,"date":"2022-05-16T10:00:00","date_gmt":"2022-05-16T13:00:00","guid":{"rendered":"https:\/\/tallesbarreto.com.br\/site\/?p=1494"},"modified":"2022-05-18T12:25:11","modified_gmt":"2022-05-18T15:25:11","slug":"talles-barreto-percorre-municipios-do-nordeste-goiano-e-destina-beneficios","status":"publish","type":"post","link":"https:\/\/tallesbarreto.com.br\/site\/index.php\/2022\/05\/16\/talles-barreto-percorre-municipios-do-nordeste-goiano-e-destina-beneficios\/","title":{"rendered":"Talles Barreto percorre munic\u00edpios do nordeste goiano e destina benef\u00edcios"},"content":{"rendered":"\n<p>O deputado estadual Talles Barreto realizou maratona de visitas aos munic\u00edpios do nordeste goiano, regi\u00e3o localizada na divisa de Goi\u00e1s com a Bahia e h\u00e1 cerca de 500 quil\u00f4metros de dist\u00e2ncia de Goi\u00e2nia, capital do Estado. Uma comitiva formada de ex-prefeitos, ex-vereadores e ex-secret\u00e1rios o acompanharam no percurso programado. &nbsp;O parlamentar percorreu os munic\u00edpios de Alvorada do Norte, Simol\u00e2ndia, Damian\u00f3polis, Divin\u00f3polis, Buritin\u00f3polis, Guarani de Goi\u00e1s, Posse, Vila Boa, Mamba\u00ed, Formosa, Iaciara viabilizando salas de vel\u00f3rio, sedes de conselhos tutelares e pra\u00e7as.<\/p>\n\n\n\n<p>Na oportunidade, Talles esteve em reuni\u00e3o com prefeitos, vereadores e lideran\u00e7as do seu grupo pol\u00edtico refor\u00e7ando parcerias e destinando emendas para a regi\u00e3o, que devido \u00e0 localiza\u00e7\u00e3o geogr\u00e1fica, \u00e9 carente de aten\u00e7\u00e3o. Dentre os compromissos de agenda, estava tamb\u00e9m a entrega do t\u00edtulo de cidad\u00e3o guaraniense a Talles Barreto de propositura do vereador Sulla Lopes de Guarani de Goi\u00e1s.<\/p>\n\n\n\n<p>Um dos aliados do parlamentar, o vereador de Simol\u00e2ndia, Gl\u00e1ucio Oliveira, o Glaucin teceu elogios sobre a atua\u00e7\u00e3o de Barreto. \u201cFalar de Talles \u00e9 chover no molhado. Todos conhecemos o seu trabalho, com a sua pol\u00edtica honesta, do bem e tr\u00eas \u201cs\u201d; \u00a0saliva, sol, sapato\u201d, frisou. \u00a0<\/p>\n\n\n\n<p>Talles emocionou-se ao discursar nas reuni\u00f5es e demais compromissos dos munic\u00edpios. O motivo: a regi\u00e3o nordeste abriga a cidade de Posse, terra natal do pai do parlamentar, o falecido juiz Ant\u00f4nio Barreto de Ara\u00fajo. Segundo ele, \u201cpor ser \u201cfilho da regi\u00e3o\u201d o compromisso em trabalhar em prol do nordeste s\u00f3 aumenta. Estou muito feliz com as parcerias aqui estabelecidas e poder trabalhar pela terra da minha fam\u00edlia\u201d.<\/p>\n\n\n\n<p>\u201cEm nome de nossa equipe, eu falo para voc\u00eas, n\u00f3s vamos nos esfor\u00e7ar muito para fazer a diferen\u00e7a na vida das pessoas. Vamos dedicar muito para ajudar as pessoas que precisam de n\u00f3s no nordeste goiano\u201d, finalizou o deputado.<\/p>\n","protected":false},"excerpt":{"rendered":"<p>O deputado estadual Talles Barreto realizou maratona de visitas aos munic\u00edpios do nordeste goiano, regi\u00e3o localizada na divisa de Goi\u00e1s com a Bahia e h\u00e1 cerca de 500 quil\u00f4metros de dist\u00e2ncia de Goi\u00e2nia, capital do Estado. Uma comitiva formada de ex-prefeitos, ex-vereadores e ex-secret\u00e1rios o acompanharam no percurso programado. &nbsp;O parlamentar percorreu os munic\u00edpios de [&hellip;]<\/p>\n","protected":false},"author":3,"featured_media":0,"comment_status":"closed","ping_status":"open","sticky":false,"template":"","format":"standard","meta":{"spay_email":""},"categories":[12],"tags":[],"yoast_head":"<!-- This site is optimized with the Yoast SEO plugin v19.4 - https:\/\/yoast.com\/wordpress\/plugins\/seo\/ -->\n<title>Talles Barreto percorre munic\u00edpios do nordeste goiano e destina benef\u00edcios - Deputado Estadual Talles Barreto<\/title>\n<meta name=\"robots\" content=\"index, follow, max-snippet:-1, max-image-preview:large, max-video-preview:-1\" \/>\n<link rel=\"canonical\" href=\"https:\/\/tallesbarreto.com.br\/site\/index.php\/2022\/05\/16\/talles-barreto-percorre-municipios-do-nordeste-goiano-e-destina-beneficios\/\" \/>\n<meta property=\"og:locale\" content=\"pt_BR\" \/>\n<meta property=\"og:type\" content=\"article\" \/>\n<meta property=\"og:title\" content=\"Talles Barreto percorre munic\u00edpios do nordeste goiano e destina benef\u00edcios - Deputado Estadual Talles Barreto\" \/>\n<meta property=\"og:description\" content=\"O deputado estadual Talles Barreto realizou maratona de visitas aos munic\u00edpios do nordeste goiano, regi\u00e3o localizada na divisa de Goi\u00e1s com a Bahia e h\u00e1 cerca de 500 quil\u00f4metros de dist\u00e2ncia de Goi\u00e2nia, capital do Estado. Uma comitiva formada de ex-prefeitos, ex-vereadores e ex-secret\u00e1rios o acompanharam no percurso programado. &nbsp;O parlamentar percorreu os munic\u00edpios de [&hellip;]\" \/>\n<meta property=\"og:url\" content=\"https:\/\/tallesbarreto.com.br\/site\/index.php\/2022\/05\/16\/talles-barreto-percorre-municipios-do-nordeste-goiano-e-destina-beneficios\/\" \/>\n<meta property=\"og:site_name\" content=\"Deputado Estadual Talles Barreto\" \/>\n<meta property=\"article:publisher\" content=\"https:\/\/www.facebook.com\/deputadotallesbarreto\/\" \/>\n<meta property=\"article:published_time\" content=\"2022-05-16T13:00:00+00:00\" \/>\n<meta property=\"article:modified_time\" content=\"2022-05-18T15:25:11+00:00\" \/>\n<meta name=\"author\" content=\"brunna\" \/>\n<meta name=\"twitter:card\" content=\"summary_large_image\" \/>\n<meta name=\"twitter:creator\" content=\"@talles_barreto\" \/>\n<meta name=\"twitter:site\" content=\"@talles_barreto\" \/>\n<meta name=\"twitter:label1\" content=\"Escrito por\" \/>\n\t<meta name=\"twitter:data1\" content=\"brunna\" \/>\n\t<meta name=\"twitter:label2\" content=\"Est. tempo de leitura\" \/>\n\t<meta name=\"twitter:data2\" content=\"2 minutos\" \/>\n<script type=\"application\/ld+json\" class=\"yoast-schema-graph\">{\"@context\":\"https:\/\/schema.org\",\"@graph\":[{\"@type\":\"Organization\",\"@id\":\"https:\/\/tallesbarreto.com.br\/site\/#organization\",\"name\":\"Deputado Estadual Talles Barreto\",\"url\":\"https:\/\/tallesbarreto.com.br\/site\/\",\"sameAs\":[\"https:\/\/www.instagram.com\/deputadotallesbarreto\/\",\"https:\/\/www.facebook.com\/deputadotallesbarreto\/\",\"https:\/\/twitter.com\/talles_barreto\"],\"logo\":{\"@type\":\"ImageObject\",\"inLanguage\":\"pt-BR\",\"@id\":\"https:\/\/tallesbarreto.com.br\/site\/#\/schema\/logo\/image\/\",\"url\":\"https:\/\/tallesbarreto.com.br\/site\/wp-content\/uploads\/2019\/09\/logo-1.png\",\"contentUrl\":\"https:\/\/tallesbarreto.com.br\/site\/wp-content\/uploads\/2019\/09\/logo-1.png\",\"width\":2481,\"height\":1226,\"caption\":\"Deputado Estadual Talles Barreto\"},\"image\":{\"@id\":\"https:\/\/tallesbarreto.com.br\/site\/#\/schema\/logo\/image\/\"}},{\"@type\":\"WebSite\",\"@id\":\"https:\/\/tallesbarreto.com.br\/site\/#website\",\"url\":\"https:\/\/tallesbarreto.com.br\/site\/\",\"name\":\"Deputado Estadual Talles Barreto\",\"description\":\"\",\"publisher\":{\"@id\":\"https:\/\/tallesbarreto.com.br\/site\/#organization\"},\"potentialAction\":[{\"@type\":\"SearchAction\",\"target\":{\"@type\":\"EntryPoint\",\"urlTemplate\":\"https:\/\/tallesbarreto.com.br\/site\/?s={search_term_string}\"},\"query-input\":\"required name=search_term_string\"}],\"inLanguage\":\"pt-BR\"},{\"@type\":\"WebPage\",\"@id\":\"https:\/\/tallesbarreto.com.br\/site\/index.php\/2022\/05\/16\/talles-barreto-percorre-municipios-do-nordeste-goiano-e-destina-beneficios\/\",\"url\":\"https:\/\/tallesbarreto.com.br\/site\/index.php\/2022\/05\/16\/talles-barreto-percorre-municipios-do-nordeste-goiano-e-destina-beneficios\/\",\"name\":\"Talles Barreto percorre munic\u00edpios do nordeste goiano e destina benef\u00edcios - Deputado Estadual Talles Barreto\",\"isPartOf\":{\"@id\":\"https:\/\/tallesbarreto.com.br\/site\/#website\"},\"datePublished\":\"2022-05-16T13:00:00+00:00\",\"dateModified\":\"2022-05-18T15:25:11+00:00\",\"breadcrumb\":{\"@id\":\"https:\/\/tallesbarreto.com.br\/site\/index.php\/2022\/05\/16\/talles-barreto-percorre-municipios-do-nordeste-goiano-e-destina-beneficios\/#breadcrumb\"},\"inLanguage\":\"pt-BR\",\"potentialAction\":[{\"@type\":\"ReadAction\",\"target\":[\"https:\/\/tallesbarreto.com.br\/site\/index.php\/2022\/05\/16\/talles-barreto-percorre-municipios-do-nordeste-goiano-e-destina-beneficios\/\"]}]},{\"@type\":\"BreadcrumbList\",\"@id\":\"https:\/\/tallesbarreto.com.br\/site\/index.php\/2022\/05\/16\/talles-barreto-percorre-municipios-do-nordeste-goiano-e-destina-beneficios\/#breadcrumb\",\"itemListElement\":[{\"@type\":\"ListItem\",\"position\":1,\"name\":\"In\u00edcio\",\"item\":\"https:\/\/tallesbarreto.com.br\/site\/\"},{\"@type\":\"ListItem\",\"position\":2,\"name\":\"Talles Barreto percorre munic\u00edpios do nordeste goiano e destina benef\u00edcios\"}]},{\"@type\":\"Article\",\"@id\":\"https:\/\/tallesbarreto.com.br\/site\/index.php\/2022\/05\/16\/talles-barreto-percorre-municipios-do-nordeste-goiano-e-destina-beneficios\/#article\",\"isPartOf\":{\"@id\":\"https:\/\/tallesbarreto.com.br\/site\/index.php\/2022\/05\/16\/talles-barreto-percorre-municipios-do-nordeste-goiano-e-destina-beneficios\/\"},\"author\":{\"name\":\"brunna\",\"@id\":\"https:\/\/tallesbarreto.com.br\/site\/#\/schema\/person\/5bea009e77796979c19941ebd38a4886\"},\"headline\":\"Talles Barreto percorre munic\u00edpios do nordeste goiano e destina benef\u00edcios\",\"datePublished\":\"2022-05-16T13:00:00+00:00\",\"dateModified\":\"2022-05-18T15:25:11+00:00\",\"mainEntityOfPage\":{\"@id\":\"https:\/\/tallesbarreto.com.br\/site\/index.php\/2022\/05\/16\/talles-barreto-percorre-municipios-do-nordeste-goiano-e-destina-beneficios\/\"},\"wordCount\":345,\"publisher\":{\"@id\":\"https:\/\/tallesbarreto.com.br\/site\/#organization\"},\"articleSection\":[\"Saiu na M\u00eddia\"],\"inLanguage\":\"pt-BR\"},{\"@type\":\"Person\",\"@id\":\"https:\/\/tallesbarreto.com.br\/site\/#\/schema\/person\/5bea009e77796979c19941ebd38a4886\",\"name\":\"brunna\",\"image\":{\"@type\":\"ImageObject\",\"inLanguage\":\"pt-BR\",\"@id\":\"https:\/\/tallesbarreto.com.br\/site\/#\/schema\/person\/image\/\",\"url\":\"https:\/\/secure.gravatar.com\/avatar\/9f437887eff5a42295e1b9835aeb67b4?s=96&d=mm&r=g\",\"contentUrl\":\"https:\/\/secure.gravatar.com\/avatar\/9f437887eff5a42295e1b9835aeb67b4?s=96&d=mm&r=g\",\"caption\":\"brunna\"},\"url\":\"https:\/\/tallesbarreto.com.br\/site\/index.php\/author\/brunna\/\"}]}<\/script>\n<!-- \/ Yoast SEO plugin. -->","yoast_head_json":{"title":"Talles Barreto percorre munic\u00edpios do nordeste goiano e destina benef\u00edcios - Deputado Estadual Talles Barreto","robots":{"index":"index","follow":"follow","max-snippet":"max-snippet:-1","max-image-preview":"max-image-preview:large","max-video-preview":"max-video-preview:-1"},"canonical":"https:\/\/tallesbarreto.com.br\/site\/index.php\/2022\/05\/16\/talles-barreto-percorre-municipios-do-nordeste-goiano-e-destina-beneficios\/","og_locale":"pt_BR","og_type":"article","og_title":"Talles Barreto percorre munic\u00edpios do nordeste goiano e destina benef\u00edcios - Deputado Estadual Talles Barreto","og_description":"O deputado estadual Talles Barreto realizou maratona de visitas aos munic\u00edpios do nordeste goiano, regi\u00e3o localizada na divisa de Goi\u00e1s com a Bahia e h\u00e1 cerca de 500 quil\u00f4metros de dist\u00e2ncia de Goi\u00e2nia, capital do Estado. Uma comitiva formada de ex-prefeitos, ex-vereadores e ex-secret\u00e1rios o acompanharam no percurso programado. &nbsp;O parlamentar percorreu os munic\u00edpios de [&hellip;]","og_url":"https:\/\/tallesbarreto.com.br\/site\/index.php\/2022\/05\/16\/talles-barreto-percorre-municipios-do-nordeste-goiano-e-destina-beneficios\/","og_site_name":"Deputado Estadual Talles Barreto","article_publisher":"https:\/\/www.facebook.com\/deputadotallesbarreto\/","article_published_time":"2022-05-16T13:00:00+00:00","article_modified_time":"2022-05-18T15:25:11+00:00","author":"brunna","twitter_card":"summary_large_image","twitter_creator":"@talles_barreto","twitter_site":"@talles_barreto","twitter_misc":{"Escrito por":"brunna","Est. tempo de leitura":"2 minutos"},"schema":{"@context":"https:\/\/schema.org","@graph":[{"@type":"Organization","@id":"https:\/\/tallesbarreto.com.br\/site\/#organization","name":"Deputado Estadual Talles Barreto","url":"https:\/\/tallesbarreto.com.br\/site\/","sameAs":["https:\/\/www.instagram.com\/deputadotallesbarreto\/","https:\/\/www.facebook.com\/deputadotallesbarreto\/","https:\/\/twitter.com\/talles_barreto"],"logo":{"@type":"ImageObject","inLanguage":"pt-BR","@id":"https:\/\/tallesbarreto.com.br\/site\/#\/schema\/logo\/image\/","url":"https:\/\/tallesbarreto.com.br\/site\/wp-content\/uploads\/2019\/09\/logo-1.png","contentUrl":"https:\/\/tallesbarreto.com.br\/site\/wp-content\/uploads\/2019\/09\/logo-1.png","width":2481,"height":1226,"caption":"Deputado Estadual Talles Barreto"},"image":{"@id":"https:\/\/tallesbarreto.com.br\/site\/#\/schema\/logo\/image\/"}},{"@type":"WebSite","@id":"https:\/\/tallesbarreto.com.br\/site\/#website","url":"https:\/\/tallesbarreto.com.br\/site\/","name":"Deputado Estadual Talles Barreto","description":"","publisher":{"@id":"https:\/\/tallesbarreto.com.br\/site\/#organization"},"potentialAction":[{"@type":"SearchAction","target":{"@type":"EntryPoint","urlTemplate":"https:\/\/tallesbarreto.com.br\/site\/?s={search_term_string}"},"query-input":"required name=search_term_string"}],"inLanguage":"pt-BR"},{"@type":"WebPage","@id":"https:\/\/tallesbarreto.com.br\/site\/index.php\/2022\/05\/16\/talles-barreto-percorre-municipios-do-nordeste-goiano-e-destina-beneficios\/","url":"https:\/\/tallesbarreto.com.br\/site\/index.php\/2022\/05\/16\/talles-barreto-percorre-municipios-do-nordeste-goiano-e-destina-beneficios\/","name":"Talles Barreto percorre munic\u00edpios do nordeste goiano e destina benef\u00edcios - Deputado Estadual Talles Barreto","isPartOf":{"@id":"https:\/\/tallesbarreto.com.br\/site\/#website"},"datePublished":"2022-05-16T13:00:00+00:00","dateModified":"2022-05-18T15:25:11+00:00","breadcrumb":{"@id":"https:\/\/tallesbarreto.com.br\/site\/index.php\/2022\/05\/16\/talles-barreto-percorre-municipios-do-nordeste-goiano-e-destina-beneficios\/#breadcrumb"},"inLanguage":"pt-BR","potentialAction":[{"@type":"ReadAction","target":["https:\/\/tallesbarreto.com.br\/site\/index.php\/2022\/05\/16\/talles-barreto-percorre-municipios-do-nordeste-goiano-e-destina-beneficios\/"]}]},{"@type":"BreadcrumbList","@id":"https:\/\/tallesbarreto.com.br\/site\/index.php\/2022\/05\/16\/talles-barreto-percorre-municipios-do-nordeste-goiano-e-destina-beneficios\/#breadcrumb","itemListElement":[{"@type":"ListItem","position":1,"name":"In\u00edcio","item":"https:\/\/tallesbarreto.com.br\/site\/"},{"@type":"ListItem","position":2,"name":"Talles Barreto percorre munic\u00edpios do nordeste goiano e destina benef\u00edcios"}]},{"@type":"Article","@id":"https:\/\/tallesbarreto.com.br\/site\/index.php\/2022\/05\/16\/talles-barreto-percorre-municipios-do-nordeste-goiano-e-destina-beneficios\/#article","isPartOf":{"@id":"https:\/\/tallesbarreto.com.br\/site\/index.php\/2022\/05\/16\/talles-barreto-percorre-municipios-do-nordeste-goiano-e-destina-beneficios\/"},"author":{"name":"brunna","@id":"https:\/\/tallesbarreto.com.br\/site\/#\/schema\/person\/5bea009e77796979c19941ebd38a4886"},"headline":"Talles Barreto percorre munic\u00edpios do nordeste goiano e destina benef\u00edcios","datePublished":"2022-05-16T13:00:00+00:00","dateModified":"2022-05-18T15:25:11+00:00","mainEntityOfPage":{"@id":"https:\/\/tallesbarreto.com.br\/site\/index.php\/2022\/05\/16\/talles-barreto-percorre-municipios-do-nordeste-goiano-e-destina-beneficios\/"},"wordCount":345,"publisher":{"@id":"https:\/\/tallesbarreto.com.br\/site\/#organization"},"articleSection":["Saiu na M\u00eddia"],"inLanguage":"pt-BR"},{"@type":"Person","@id":"https:\/\/tallesbarreto.com.br\/site\/#\/schema\/person\/5bea009e77796979c19941ebd38a4886","name":"brunna","image":{"@type":"ImageObject","inLanguage":"pt-BR","@id":"https:\/\/tallesbarreto.com.br\/site\/#\/schema\/person\/image\/","url":"https:\/\/secure.gravatar.com\/avatar\/9f437887eff5a42295e1b9835aeb67b4?s=96&d=mm&r=g","contentUrl":"https:\/\/secure.gravatar.com\/avatar\/9f437887eff5a42295e1b9835aeb67b4?s=96&d=mm&r=g","caption":"brunna"},"url":"https:\/\/tallesbarreto.com.br\/site\/index.php\/author\/brunna\/"}]}},"jetpack_featured_media_url":"","_links":{"self":[{"href":"https:\/\/tallesbarreto.com.br\/site\/index.php\/wp-json\/wp\/v2\/posts\/1494"}],"collection":[{"href":"https:\/\/tallesbarreto.com.br\/site\/index.php\/wp-json\/wp\/v2\/posts"}],"about":[{"href":"https:\/\/tallesbarreto.com.br\/site\/index.php\/wp-json\/wp\/v2\/types\/post"}],"author":[{"embeddable":true,"href":"https:\/\/tallesbarreto.com.br\/site\/index.php\/wp-json\/wp\/v2\/users\/3"}],"replies":[{"embeddable":true,"href":"https:\/\/tallesbarreto.com.br\/site\/index.php\/wp-json\/wp\/v2\/comments?post=1494"}],"version-history":[{"count":3,"href":"https:\/\/tallesbarreto.com.br\/site\/index.php\/wp-json\/wp\/v2\/posts\/1494\/revisions"}],"predecessor-version":[{"id":1510,"href":"https:\/\/tallesbarreto.com.br\/site\/index.php\/wp-json\/wp\/v2\/posts\/1494\/revisions\/1510"}],"wp:attachment":[{"href":"https:\/\/tallesbarreto.com.br\/site\/index.php\/wp-json\/wp\/v2\/media?parent=1494"}],"wp:term":[{"taxonomy":"category","embeddable":true,"href":"https:\/\/tallesbarreto.com.br\/site\/index.php\/wp-json\/wp\/v2\/categories?post=1494"},{"taxonomy":"post_tag","embeddable":true,"href":"https:\/\/tallesbarreto.com.br\/site\/index.php\/wp-json\/wp\/v2\/tags?post=1494"}],"curies":[{"name":"wp","href":"https:\/\/api.w.org\/{rel}","templated":true}]}}