{"id":1467,"date":"2022-05-02T08:26:00","date_gmt":"2022-05-02T11:26:00","guid":{"rendered":"https:\/\/tallesbarreto.com.br\/site\/?p=1467"},"modified":"2022-05-02T11:29:03","modified_gmt":"2022-05-02T14:29:03","slug":"gestao-municipal-de-itapaci-inaugura-obras-com-a-presenca-de-talles-barreto","status":"publish","type":"post","link":"https:\/\/tallesbarreto.com.br\/site\/index.php\/2022\/05\/02\/gestao-municipal-de-itapaci-inaugura-obras-com-a-presenca-de-talles-barreto\/","title":{"rendered":"Gest\u00e3o municipal de Itapaci inaugura obras com a presen\u00e7a de Talles Barreto"},"content":{"rendered":"\n<figure class=\"wp-block-image size-full is-resized\"><img loading=\"lazy\" src=\"https:\/\/i0.wp.com\/tallesbarreto.com.br\/site\/wp-content\/uploads\/2022\/05\/279746822_530486345202632_7193772370667449367_n.jpg?resize=648%2C784&#038;ssl=1\" alt=\"\" class=\"wp-image-1468\" width=\"648\" height=\"784\" srcset=\"https:\/\/i0.wp.com\/tallesbarreto.com.br\/site\/wp-content\/uploads\/2022\/05\/279746822_530486345202632_7193772370667449367_n.jpg?w=496&amp;ssl=1 496w, https:\/\/i0.wp.com\/tallesbarreto.com.br\/site\/wp-content\/uploads\/2022\/05\/279746822_530486345202632_7193772370667449367_n.jpg?resize=248%2C300&amp;ssl=1 248w\" sizes=\"(max-width: 648px) 100vw, 648px\" data-recalc-dims=\"1\" \/><figcaption><em>Talles Barreto participa de inaugura\u00e7\u00e3o do Centro Especializado em Reabilita\u00e7\u00e3o Dr. Floriano Jos\u00e9 da Costa (foto: divulga\u00e7\u00e3o)<\/em><\/figcaption><\/figure>\n\n\n\n<p>A gest\u00e3o municipal de Itapaci promoveu uma s\u00e9rie de eventos no domingo, 1\u00ba de maio, feriado do dia do trabalhador. Foi realizado o 1\u00ba Passeio Cicl\u00edstico dos Trabalhadores; inaugura\u00e7\u00e3o do Centro Especializado em Reabilita\u00e7\u00e3o Dr. Floriano Jos\u00e9 da Costa; entrega de ve\u00edculos para a frota municipal e inaugura\u00e7\u00e3o da Pra\u00e7a da Igreja Matriz.<\/p>\n\n\n\n<p>O prefeito M\u00e1rio Macaco ressaltou que a s\u00e9rie de inaugura\u00e7\u00e3o foi poss\u00edvel gra\u00e7as ao trabalho em conjunto com os parlamentares Talles Barreto e C\u00e9lio Silveira. O deputado estadual Talles Barreto pontuou que Itapaci vive um ciclo virtuoso gra\u00e7as a administra\u00e7\u00e3o de M\u00e1rio Macaco. \u201cAh, se tiv\u00e9ssemos mais prefeitos como o M\u00e1rio para nossos munc\u00edpios. Refer\u00eancia em administra\u00e7\u00e3o em todo o Estado\u201d, frisou.<\/p>\n","protected":false},"excerpt":{"rendered":"<p>A gest\u00e3o municipal de Itapaci promoveu uma s\u00e9rie de eventos no domingo, 1\u00ba de maio, feriado do dia do trabalhador. Foi realizado o 1\u00ba Passeio Cicl\u00edstico dos Trabalhadores; inaugura\u00e7\u00e3o do Centro Especializado em Reabilita\u00e7\u00e3o Dr. Floriano Jos\u00e9 da Costa; entrega de ve\u00edculos para a frota municipal e inaugura\u00e7\u00e3o da Pra\u00e7a da Igreja Matriz. O prefeito [&hellip;]<\/p>\n","protected":false},"author":3,"featured_media":0,"comment_status":"closed","ping_status":"open","sticky":false,"template":"","format":"standard","meta":{"spay_email":""},"categories":[12],"tags":[],"yoast_head":"<!-- This site is optimized with the Yoast SEO plugin v19.4 - https:\/\/yoast.com\/wordpress\/plugins\/seo\/ -->\n<title>Gest\u00e3o municipal de Itapaci inaugura obras com a presen\u00e7a de Talles Barreto - Deputado Estadual Talles Barreto<\/title>\n<meta name=\"robots\" content=\"index, follow, max-snippet:-1, max-image-preview:large, max-video-preview:-1\" \/>\n<link rel=\"canonical\" href=\"https:\/\/tallesbarreto.com.br\/site\/index.php\/2022\/05\/02\/gestao-municipal-de-itapaci-inaugura-obras-com-a-presenca-de-talles-barreto\/\" \/>\n<meta property=\"og:locale\" content=\"pt_BR\" \/>\n<meta property=\"og:type\" content=\"article\" \/>\n<meta property=\"og:title\" content=\"Gest\u00e3o municipal de Itapaci inaugura obras com a presen\u00e7a de Talles Barreto - Deputado Estadual Talles Barreto\" \/>\n<meta property=\"og:description\" content=\"A gest\u00e3o municipal de Itapaci promoveu uma s\u00e9rie de eventos no domingo, 1\u00ba de maio, feriado do dia do trabalhador. Foi realizado o 1\u00ba Passeio Cicl\u00edstico dos Trabalhadores; inaugura\u00e7\u00e3o do Centro Especializado em Reabilita\u00e7\u00e3o Dr. Floriano Jos\u00e9 da Costa; entrega de ve\u00edculos para a frota municipal e inaugura\u00e7\u00e3o da Pra\u00e7a da Igreja Matriz. O prefeito [&hellip;]\" \/>\n<meta property=\"og:url\" content=\"https:\/\/tallesbarreto.com.br\/site\/index.php\/2022\/05\/02\/gestao-municipal-de-itapaci-inaugura-obras-com-a-presenca-de-talles-barreto\/\" \/>\n<meta property=\"og:site_name\" content=\"Deputado Estadual Talles Barreto\" \/>\n<meta property=\"article:publisher\" content=\"https:\/\/www.facebook.com\/deputadotallesbarreto\/\" \/>\n<meta property=\"article:published_time\" content=\"2022-05-02T11:26:00+00:00\" \/>\n<meta property=\"article:modified_time\" content=\"2022-05-02T14:29:03+00:00\" \/>\n<meta property=\"og:image\" content=\"https:\/\/tallesbarreto.com.br\/site\/wp-content\/uploads\/2022\/05\/279746822_530486345202632_7193772370667449367_n.jpg\" \/>\n<meta name=\"author\" content=\"brunna\" \/>\n<meta name=\"twitter:card\" content=\"summary_large_image\" \/>\n<meta name=\"twitter:creator\" content=\"@talles_barreto\" \/>\n<meta name=\"twitter:site\" content=\"@talles_barreto\" \/>\n<meta name=\"twitter:label1\" content=\"Escrito por\" \/>\n\t<meta name=\"twitter:data1\" content=\"brunna\" \/>\n\t<meta name=\"twitter:label2\" content=\"Est. tempo de leitura\" \/>\n\t<meta name=\"twitter:data2\" content=\"1 minuto\" \/>\n<script type=\"application\/ld+json\" class=\"yoast-schema-graph\">{\"@context\":\"https:\/\/schema.org\",\"@graph\":[{\"@type\":\"Organization\",\"@id\":\"https:\/\/tallesbarreto.com.br\/site\/#organization\",\"name\":\"Deputado Estadual Talles Barreto\",\"url\":\"https:\/\/tallesbarreto.com.br\/site\/\",\"sameAs\":[\"https:\/\/www.instagram.com\/deputadotallesbarreto\/\",\"https:\/\/www.facebook.com\/deputadotallesbarreto\/\",\"https:\/\/twitter.com\/talles_barreto\"],\"logo\":{\"@type\":\"ImageObject\",\"inLanguage\":\"pt-BR\",\"@id\":\"https:\/\/tallesbarreto.com.br\/site\/#\/schema\/logo\/image\/\",\"url\":\"https:\/\/tallesbarreto.com.br\/site\/wp-content\/uploads\/2019\/09\/logo-1.png\",\"contentUrl\":\"https:\/\/tallesbarreto.com.br\/site\/wp-content\/uploads\/2019\/09\/logo-1.png\",\"width\":2481,\"height\":1226,\"caption\":\"Deputado Estadual Talles Barreto\"},\"image\":{\"@id\":\"https:\/\/tallesbarreto.com.br\/site\/#\/schema\/logo\/image\/\"}},{\"@type\":\"WebSite\",\"@id\":\"https:\/\/tallesbarreto.com.br\/site\/#website\",\"url\":\"https:\/\/tallesbarreto.com.br\/site\/\",\"name\":\"Deputado Estadual Talles Barreto\",\"description\":\"\",\"publisher\":{\"@id\":\"https:\/\/tallesbarreto.com.br\/site\/#organization\"},\"potentialAction\":[{\"@type\":\"SearchAction\",\"target\":{\"@type\":\"EntryPoint\",\"urlTemplate\":\"https:\/\/tallesbarreto.com.br\/site\/?s={search_term_string}\"},\"query-input\":\"required name=search_term_string\"}],\"inLanguage\":\"pt-BR\"},{\"@type\":\"WebPage\",\"@id\":\"https:\/\/tallesbarreto.com.br\/site\/index.php\/2022\/05\/02\/gestao-municipal-de-itapaci-inaugura-obras-com-a-presenca-de-talles-barreto\/\",\"url\":\"https:\/\/tallesbarreto.com.br\/site\/index.php\/2022\/05\/02\/gestao-municipal-de-itapaci-inaugura-obras-com-a-presenca-de-talles-barreto\/\",\"name\":\"Gest\u00e3o municipal de Itapaci inaugura obras com a presen\u00e7a de Talles Barreto - Deputado Estadual Talles Barreto\",\"isPartOf\":{\"@id\":\"https:\/\/tallesbarreto.com.br\/site\/#website\"},\"datePublished\":\"2022-05-02T11:26:00+00:00\",\"dateModified\":\"2022-05-02T14:29:03+00:00\",\"breadcrumb\":{\"@id\":\"https:\/\/tallesbarreto.com.br\/site\/index.php\/2022\/05\/02\/gestao-municipal-de-itapaci-inaugura-obras-com-a-presenca-de-talles-barreto\/#breadcrumb\"},\"inLanguage\":\"pt-BR\",\"potentialAction\":[{\"@type\":\"ReadAction\",\"target\":[\"https:\/\/tallesbarreto.com.br\/site\/index.php\/2022\/05\/02\/gestao-municipal-de-itapaci-inaugura-obras-com-a-presenca-de-talles-barreto\/\"]}]},{\"@type\":\"BreadcrumbList\",\"@id\":\"https:\/\/tallesbarreto.com.br\/site\/index.php\/2022\/05\/02\/gestao-municipal-de-itapaci-inaugura-obras-com-a-presenca-de-talles-barreto\/#breadcrumb\",\"itemListElement\":[{\"@type\":\"ListItem\",\"position\":1,\"name\":\"In\u00edcio\",\"item\":\"https:\/\/tallesbarreto.com.br\/site\/\"},{\"@type\":\"ListItem\",\"position\":2,\"name\":\"Gest\u00e3o municipal de Itapaci inaugura obras com a presen\u00e7a de Talles Barreto\"}]},{\"@type\":\"Article\",\"@id\":\"https:\/\/tallesbarreto.com.br\/site\/index.php\/2022\/05\/02\/gestao-municipal-de-itapaci-inaugura-obras-com-a-presenca-de-talles-barreto\/#article\",\"isPartOf\":{\"@id\":\"https:\/\/tallesbarreto.com.br\/site\/index.php\/2022\/05\/02\/gestao-municipal-de-itapaci-inaugura-obras-com-a-presenca-de-talles-barreto\/\"},\"author\":{\"name\":\"brunna\",\"@id\":\"https:\/\/tallesbarreto.com.br\/site\/#\/schema\/person\/5bea009e77796979c19941ebd38a4886\"},\"headline\":\"Gest\u00e3o municipal de Itapaci inaugura obras com a presen\u00e7a de Talles Barreto\",\"datePublished\":\"2022-05-02T11:26:00+00:00\",\"dateModified\":\"2022-05-02T14:29:03+00:00\",\"mainEntityOfPage\":{\"@id\":\"https:\/\/tallesbarreto.com.br\/site\/index.php\/2022\/05\/02\/gestao-municipal-de-itapaci-inaugura-obras-com-a-presenca-de-talles-barreto\/\"},\"wordCount\":169,\"publisher\":{\"@id\":\"https:\/\/tallesbarreto.com.br\/site\/#organization\"},\"articleSection\":[\"Saiu na M\u00eddia\"],\"inLanguage\":\"pt-BR\"},{\"@type\":\"Person\",\"@id\":\"https:\/\/tallesbarreto.com.br\/site\/#\/schema\/person\/5bea009e77796979c19941ebd38a4886\",\"name\":\"brunna\",\"image\":{\"@type\":\"ImageObject\",\"inLanguage\":\"pt-BR\",\"@id\":\"https:\/\/tallesbarreto.com.br\/site\/#\/schema\/person\/image\/\",\"url\":\"https:\/\/secure.gravatar.com\/avatar\/9f437887eff5a42295e1b9835aeb67b4?s=96&d=mm&r=g\",\"contentUrl\":\"https:\/\/secure.gravatar.com\/avatar\/9f437887eff5a42295e1b9835aeb67b4?s=96&d=mm&r=g\",\"caption\":\"brunna\"},\"url\":\"https:\/\/tallesbarreto.com.br\/site\/index.php\/author\/brunna\/\"}]}<\/script>\n<!-- \/ Yoast SEO plugin. -->","yoast_head_json":{"title":"Gest\u00e3o municipal de Itapaci inaugura obras com a presen\u00e7a de Talles Barreto - Deputado Estadual Talles Barreto","robots":{"index":"index","follow":"follow","max-snippet":"max-snippet:-1","max-image-preview":"max-image-preview:large","max-video-preview":"max-video-preview:-1"},"canonical":"https:\/\/tallesbarreto.com.br\/site\/index.php\/2022\/05\/02\/gestao-municipal-de-itapaci-inaugura-obras-com-a-presenca-de-talles-barreto\/","og_locale":"pt_BR","og_type":"article","og_title":"Gest\u00e3o municipal de Itapaci inaugura obras com a presen\u00e7a de Talles Barreto - Deputado Estadual Talles Barreto","og_description":"A gest\u00e3o municipal de Itapaci promoveu uma s\u00e9rie de eventos no domingo, 1\u00ba de maio, feriado do dia do trabalhador. Foi realizado o 1\u00ba Passeio Cicl\u00edstico dos Trabalhadores; inaugura\u00e7\u00e3o do Centro Especializado em Reabilita\u00e7\u00e3o Dr. Floriano Jos\u00e9 da Costa; entrega de ve\u00edculos para a frota municipal e inaugura\u00e7\u00e3o da Pra\u00e7a da Igreja Matriz. O prefeito [&hellip;]","og_url":"https:\/\/tallesbarreto.com.br\/site\/index.php\/2022\/05\/02\/gestao-municipal-de-itapaci-inaugura-obras-com-a-presenca-de-talles-barreto\/","og_site_name":"Deputado Estadual Talles Barreto","article_publisher":"https:\/\/www.facebook.com\/deputadotallesbarreto\/","article_published_time":"2022-05-02T11:26:00+00:00","article_modified_time":"2022-05-02T14:29:03+00:00","og_image":[{"url":"https:\/\/tallesbarreto.com.br\/site\/wp-content\/uploads\/2022\/05\/279746822_530486345202632_7193772370667449367_n.jpg"}],"author":"brunna","twitter_card":"summary_large_image","twitter_creator":"@talles_barreto","twitter_site":"@talles_barreto","twitter_misc":{"Escrito por":"brunna","Est. tempo de leitura":"1 minuto"},"schema":{"@context":"https:\/\/schema.org","@graph":[{"@type":"Organization","@id":"https:\/\/tallesbarreto.com.br\/site\/#organization","name":"Deputado Estadual Talles Barreto","url":"https:\/\/tallesbarreto.com.br\/site\/","sameAs":["https:\/\/www.instagram.com\/deputadotallesbarreto\/","https:\/\/www.facebook.com\/deputadotallesbarreto\/","https:\/\/twitter.com\/talles_barreto"],"logo":{"@type":"ImageObject","inLanguage":"pt-BR","@id":"https:\/\/tallesbarreto.com.br\/site\/#\/schema\/logo\/image\/","url":"https:\/\/tallesbarreto.com.br\/site\/wp-content\/uploads\/2019\/09\/logo-1.png","contentUrl":"https:\/\/tallesbarreto.com.br\/site\/wp-content\/uploads\/2019\/09\/logo-1.png","width":2481,"height":1226,"caption":"Deputado Estadual Talles Barreto"},"image":{"@id":"https:\/\/tallesbarreto.com.br\/site\/#\/schema\/logo\/image\/"}},{"@type":"WebSite","@id":"https:\/\/tallesbarreto.com.br\/site\/#website","url":"https:\/\/tallesbarreto.com.br\/site\/","name":"Deputado Estadual Talles Barreto","description":"","publisher":{"@id":"https:\/\/tallesbarreto.com.br\/site\/#organization"},"potentialAction":[{"@type":"SearchAction","target":{"@type":"EntryPoint","urlTemplate":"https:\/\/tallesbarreto.com.br\/site\/?s={search_term_string}"},"query-input":"required name=search_term_string"}],"inLanguage":"pt-BR"},{"@type":"WebPage","@id":"https:\/\/tallesbarreto.com.br\/site\/index.php\/2022\/05\/02\/gestao-municipal-de-itapaci-inaugura-obras-com-a-presenca-de-talles-barreto\/","url":"https:\/\/tallesbarreto.com.br\/site\/index.php\/2022\/05\/02\/gestao-municipal-de-itapaci-inaugura-obras-com-a-presenca-de-talles-barreto\/","name":"Gest\u00e3o municipal de Itapaci inaugura obras com a presen\u00e7a de Talles Barreto - Deputado Estadual Talles Barreto","isPartOf":{"@id":"https:\/\/tallesbarreto.com.br\/site\/#website"},"datePublished":"2022-05-02T11:26:00+00:00","dateModified":"2022-05-02T14:29:03+00:00","breadcrumb":{"@id":"https:\/\/tallesbarreto.com.br\/site\/index.php\/2022\/05\/02\/gestao-municipal-de-itapaci-inaugura-obras-com-a-presenca-de-talles-barreto\/#breadcrumb"},"inLanguage":"pt-BR","potentialAction":[{"@type":"ReadAction","target":["https:\/\/tallesbarreto.com.br\/site\/index.php\/2022\/05\/02\/gestao-municipal-de-itapaci-inaugura-obras-com-a-presenca-de-talles-barreto\/"]}]},{"@type":"BreadcrumbList","@id":"https:\/\/tallesbarreto.com.br\/site\/index.php\/2022\/05\/02\/gestao-municipal-de-itapaci-inaugura-obras-com-a-presenca-de-talles-barreto\/#breadcrumb","itemListElement":[{"@type":"ListItem","position":1,"name":"In\u00edcio","item":"https:\/\/tallesbarreto.com.br\/site\/"},{"@type":"ListItem","position":2,"name":"Gest\u00e3o municipal de Itapaci inaugura obras com a presen\u00e7a de Talles Barreto"}]},{"@type":"Article","@id":"https:\/\/tallesbarreto.com.br\/site\/index.php\/2022\/05\/02\/gestao-municipal-de-itapaci-inaugura-obras-com-a-presenca-de-talles-barreto\/#article","isPartOf":{"@id":"https:\/\/tallesbarreto.com.br\/site\/index.php\/2022\/05\/02\/gestao-municipal-de-itapaci-inaugura-obras-com-a-presenca-de-talles-barreto\/"},"author":{"name":"brunna","@id":"https:\/\/tallesbarreto.com.br\/site\/#\/schema\/person\/5bea009e77796979c19941ebd38a4886"},"headline":"Gest\u00e3o municipal de Itapaci inaugura obras com a presen\u00e7a de Talles Barreto","datePublished":"2022-05-02T11:26:00+00:00","dateModified":"2022-05-02T14:29:03+00:00","mainEntityOfPage":{"@id":"https:\/\/tallesbarreto.com.br\/site\/index.php\/2022\/05\/02\/gestao-municipal-de-itapaci-inaugura-obras-com-a-presenca-de-talles-barreto\/"},"wordCount":169,"publisher":{"@id":"https:\/\/tallesbarreto.com.br\/site\/#organization"},"articleSection":["Saiu na M\u00eddia"],"inLanguage":"pt-BR"},{"@type":"Person","@id":"https:\/\/tallesbarreto.com.br\/site\/#\/schema\/person\/5bea009e77796979c19941ebd38a4886","name":"brunna","image":{"@type":"ImageObject","inLanguage":"pt-BR","@id":"https:\/\/tallesbarreto.com.br\/site\/#\/schema\/person\/image\/","url":"https:\/\/secure.gravatar.com\/avatar\/9f437887eff5a42295e1b9835aeb67b4?s=96&d=mm&r=g","contentUrl":"https:\/\/secure.gravatar.com\/avatar\/9f437887eff5a42295e1b9835aeb67b4?s=96&d=mm&r=g","caption":"brunna"},"url":"https:\/\/tallesbarreto.com.br\/site\/index.php\/author\/brunna\/"}]}},"jetpack_featured_media_url":"","_links":{"self":[{"href":"https:\/\/tallesbarreto.com.br\/site\/index.php\/wp-json\/wp\/v2\/posts\/1467"}],"collection":[{"href":"https:\/\/tallesbarreto.com.br\/site\/index.php\/wp-json\/wp\/v2\/posts"}],"about":[{"href":"https:\/\/tallesbarreto.com.br\/site\/index.php\/wp-json\/wp\/v2\/types\/post"}],"author":[{"embeddable":true,"href":"https:\/\/tallesbarreto.com.br\/site\/index.php\/wp-json\/wp\/v2\/users\/3"}],"replies":[{"embeddable":true,"href":"https:\/\/tallesbarreto.com.br\/site\/index.php\/wp-json\/wp\/v2\/comments?post=1467"}],"version-history":[{"count":1,"href":"https:\/\/tallesbarreto.com.br\/site\/index.php\/wp-json\/wp\/v2\/posts\/1467\/revisions"}],"predecessor-version":[{"id":1469,"href":"https:\/\/tallesbarreto.com.br\/site\/index.php\/wp-json\/wp\/v2\/posts\/1467\/revisions\/1469"}],"wp:attachment":[{"href":"https:\/\/tallesbarreto.com.br\/site\/index.php\/wp-json\/wp\/v2\/media?parent=1467"}],"wp:term":[{"taxonomy":"category","embeddable":true,"href":"https:\/\/tallesbarreto.com.br\/site\/index.php\/wp-json\/wp\/v2\/categories?post=1467"},{"taxonomy":"post_tag","embeddable":true,"href":"https:\/\/tallesbarreto.com.br\/site\/index.php\/wp-json\/wp\/v2\/tags?post=1467"}],"curies":[{"name":"wp","href":"https:\/\/api.w.org\/{rel}","templated":true}]}}