{"id":1463,"date":"2021-02-17T19:09:00","date_gmt":"2021-02-17T22:09:00","guid":{"rendered":"https:\/\/tallesbarreto.com.br\/site\/?p=1463"},"modified":"2022-04-28T09:42:35","modified_gmt":"2022-04-28T12:42:35","slug":"projeto-de-lei-de-talles-barreto-que-dispoe-sobre-o-programa-universitario-do-bem-probem-e-aprovado","status":"publish","type":"post","link":"https:\/\/tallesbarreto.com.br\/site\/index.php\/2021\/02\/17\/projeto-de-lei-de-talles-barreto-que-dispoe-sobre-o-programa-universitario-do-bem-probem-e-aprovado\/","title":{"rendered":"Projeto de lei de Talles Barreto que disp\u00f5e sobre o Programa Universit\u00e1rio do Bem- PROBEM \u00e9 aprovado"},"content":{"rendered":"\n<p>De autoria dos deputados Talles Barreto e Bruno Peixoto, o projeto de lei em quest\u00e3o altera a lei n\u00b020.957\/2021, acerca do Programa Universit\u00e1rio do Bem- PROBEM. A proposi\u00e7\u00e3o visa ampliar a exig\u00eancia contida na atual reda\u00e7\u00e3o, abrangendo alunos que estejam regularmente matriculados em curso de gradua\u00e7\u00e3o n\u00e3o gratuito e em Institui\u00e7\u00f5es de Ensino Superior- IES que sejam autorizadas e reconhecidas pelo Minist\u00e9rio da Educa\u00e7\u00e3o- MEC.<\/p>\n\n\n\n<p>O principal objetivo do projeto \u00e9 promover a inclus\u00e3o de alunos de Institui\u00e7\u00f5es Municipais, que, pautados no Art. 3\u00b0 da lei n\u00b020.957, encontram-se impossibilitados de pleitearem as bolsas. Al\u00e9m disso, a proposi\u00e7\u00e3o tamb\u00e9m exclui a participa\u00e7\u00e3o de Institui\u00e7\u00f5es irregulares.<\/p>\n\n\n\n<div class=\"wp-block-image\"><figure class=\"aligncenter\"><img src=\"https:\/\/i0.wp.com\/images.pexels.com\/photos\/1454360\/pexels-photo-1454360.jpeg?w=648&#038;ssl=1\" alt=\"Pessoas Usando Mochilas\" data-recalc-dims=\"1\" \/><\/figure><\/div>\n","protected":false},"excerpt":{"rendered":"<p>De autoria dos deputados Talles Barreto e Bruno Peixoto, o projeto de lei em quest\u00e3o altera a lei n\u00b020.957\/2021, acerca do Programa Universit\u00e1rio do Bem- PROBEM. A proposi\u00e7\u00e3o visa ampliar a exig\u00eancia contida na atual reda\u00e7\u00e3o, abrangendo alunos que estejam regularmente matriculados em curso de gradua\u00e7\u00e3o n\u00e3o gratuito e em Institui\u00e7\u00f5es de Ensino Superior- IES [&hellip;]<\/p>\n","protected":false},"author":9,"featured_media":0,"comment_status":"closed","ping_status":"open","sticky":false,"template":"","format":"standard","meta":{"spay_email":""},"categories":[73],"tags":[52],"yoast_head":"<!-- This site is optimized with the Yoast SEO plugin v19.4 - https:\/\/yoast.com\/wordpress\/plugins\/seo\/ -->\n<title>Projeto de lei de Talles Barreto que disp\u00f5e sobre o Programa Universit\u00e1rio do Bem- PROBEM \u00e9 aprovado - Deputado Estadual Talles Barreto<\/title>\n<meta name=\"robots\" content=\"index, follow, max-snippet:-1, max-image-preview:large, max-video-preview:-1\" \/>\n<link rel=\"canonical\" href=\"https:\/\/tallesbarreto.com.br\/site\/index.php\/2021\/02\/17\/projeto-de-lei-de-talles-barreto-que-dispoe-sobre-o-programa-universitario-do-bem-probem-e-aprovado\/\" \/>\n<meta property=\"og:locale\" content=\"pt_BR\" \/>\n<meta property=\"og:type\" content=\"article\" \/>\n<meta property=\"og:title\" content=\"Projeto de lei de Talles Barreto que disp\u00f5e sobre o Programa Universit\u00e1rio do Bem- PROBEM \u00e9 aprovado - Deputado Estadual Talles Barreto\" \/>\n<meta property=\"og:description\" content=\"De autoria dos deputados Talles Barreto e Bruno Peixoto, o projeto de lei em quest\u00e3o altera a lei n\u00b020.957\/2021, acerca do Programa Universit\u00e1rio do Bem- PROBEM. A proposi\u00e7\u00e3o visa ampliar a exig\u00eancia contida na atual reda\u00e7\u00e3o, abrangendo alunos que estejam regularmente matriculados em curso de gradua\u00e7\u00e3o n\u00e3o gratuito e em Institui\u00e7\u00f5es de Ensino Superior- IES [&hellip;]\" \/>\n<meta property=\"og:url\" content=\"https:\/\/tallesbarreto.com.br\/site\/index.php\/2021\/02\/17\/projeto-de-lei-de-talles-barreto-que-dispoe-sobre-o-programa-universitario-do-bem-probem-e-aprovado\/\" \/>\n<meta property=\"og:site_name\" content=\"Deputado Estadual Talles Barreto\" \/>\n<meta property=\"article:publisher\" content=\"https:\/\/www.facebook.com\/deputadotallesbarreto\/\" \/>\n<meta property=\"article:published_time\" content=\"2021-02-17T22:09:00+00:00\" \/>\n<meta property=\"article:modified_time\" content=\"2022-04-28T12:42:35+00:00\" \/>\n<meta property=\"og:image\" content=\"https:\/\/images.pexels.com\/photos\/1454360\/pexels-photo-1454360.jpeg?auto=compress&amp;cs=tinysrgb&amp;dpr=1&amp;w=500\" \/>\n<meta name=\"author\" content=\"anajulia\" \/>\n<meta name=\"twitter:card\" content=\"summary_large_image\" \/>\n<meta name=\"twitter:creator\" content=\"@talles_barreto\" \/>\n<meta name=\"twitter:site\" content=\"@talles_barreto\" \/>\n<meta name=\"twitter:label1\" content=\"Escrito por\" \/>\n\t<meta name=\"twitter:data1\" content=\"anajulia\" \/>\n\t<meta name=\"twitter:label2\" content=\"Est. tempo de leitura\" \/>\n\t<meta name=\"twitter:data2\" content=\"1 minuto\" \/>\n<script type=\"application\/ld+json\" class=\"yoast-schema-graph\">{\"@context\":\"https:\/\/schema.org\",\"@graph\":[{\"@type\":\"Organization\",\"@id\":\"https:\/\/tallesbarreto.com.br\/site\/#organization\",\"name\":\"Deputado Estadual Talles Barreto\",\"url\":\"https:\/\/tallesbarreto.com.br\/site\/\",\"sameAs\":[\"https:\/\/www.instagram.com\/deputadotallesbarreto\/\",\"https:\/\/www.facebook.com\/deputadotallesbarreto\/\",\"https:\/\/twitter.com\/talles_barreto\"],\"logo\":{\"@type\":\"ImageObject\",\"inLanguage\":\"pt-BR\",\"@id\":\"https:\/\/tallesbarreto.com.br\/site\/#\/schema\/logo\/image\/\",\"url\":\"https:\/\/tallesbarreto.com.br\/site\/wp-content\/uploads\/2019\/09\/logo-1.png\",\"contentUrl\":\"https:\/\/tallesbarreto.com.br\/site\/wp-content\/uploads\/2019\/09\/logo-1.png\",\"width\":2481,\"height\":1226,\"caption\":\"Deputado Estadual Talles Barreto\"},\"image\":{\"@id\":\"https:\/\/tallesbarreto.com.br\/site\/#\/schema\/logo\/image\/\"}},{\"@type\":\"WebSite\",\"@id\":\"https:\/\/tallesbarreto.com.br\/site\/#website\",\"url\":\"https:\/\/tallesbarreto.com.br\/site\/\",\"name\":\"Deputado Estadual Talles Barreto\",\"description\":\"\",\"publisher\":{\"@id\":\"https:\/\/tallesbarreto.com.br\/site\/#organization\"},\"potentialAction\":[{\"@type\":\"SearchAction\",\"target\":{\"@type\":\"EntryPoint\",\"urlTemplate\":\"https:\/\/tallesbarreto.com.br\/site\/?s={search_term_string}\"},\"query-input\":\"required name=search_term_string\"}],\"inLanguage\":\"pt-BR\"},{\"@type\":\"WebPage\",\"@id\":\"https:\/\/tallesbarreto.com.br\/site\/index.php\/2021\/02\/17\/projeto-de-lei-de-talles-barreto-que-dispoe-sobre-o-programa-universitario-do-bem-probem-e-aprovado\/\",\"url\":\"https:\/\/tallesbarreto.com.br\/site\/index.php\/2021\/02\/17\/projeto-de-lei-de-talles-barreto-que-dispoe-sobre-o-programa-universitario-do-bem-probem-e-aprovado\/\",\"name\":\"Projeto de lei de Talles Barreto que disp\u00f5e sobre o Programa Universit\u00e1rio do Bem- PROBEM \u00e9 aprovado - Deputado Estadual Talles Barreto\",\"isPartOf\":{\"@id\":\"https:\/\/tallesbarreto.com.br\/site\/#website\"},\"datePublished\":\"2021-02-17T22:09:00+00:00\",\"dateModified\":\"2022-04-28T12:42:35+00:00\",\"breadcrumb\":{\"@id\":\"https:\/\/tallesbarreto.com.br\/site\/index.php\/2021\/02\/17\/projeto-de-lei-de-talles-barreto-que-dispoe-sobre-o-programa-universitario-do-bem-probem-e-aprovado\/#breadcrumb\"},\"inLanguage\":\"pt-BR\",\"potentialAction\":[{\"@type\":\"ReadAction\",\"target\":[\"https:\/\/tallesbarreto.com.br\/site\/index.php\/2021\/02\/17\/projeto-de-lei-de-talles-barreto-que-dispoe-sobre-o-programa-universitario-do-bem-probem-e-aprovado\/\"]}]},{\"@type\":\"BreadcrumbList\",\"@id\":\"https:\/\/tallesbarreto.com.br\/site\/index.php\/2021\/02\/17\/projeto-de-lei-de-talles-barreto-que-dispoe-sobre-o-programa-universitario-do-bem-probem-e-aprovado\/#breadcrumb\",\"itemListElement\":[{\"@type\":\"ListItem\",\"position\":1,\"name\":\"In\u00edcio\",\"item\":\"https:\/\/tallesbarreto.com.br\/site\/\"},{\"@type\":\"ListItem\",\"position\":2,\"name\":\"Projeto de lei de Talles Barreto que disp\u00f5e sobre o Programa Universit\u00e1rio do Bem- PROBEM \u00e9 aprovado\"}]},{\"@type\":\"Article\",\"@id\":\"https:\/\/tallesbarreto.com.br\/site\/index.php\/2021\/02\/17\/projeto-de-lei-de-talles-barreto-que-dispoe-sobre-o-programa-universitario-do-bem-probem-e-aprovado\/#article\",\"isPartOf\":{\"@id\":\"https:\/\/tallesbarreto.com.br\/site\/index.php\/2021\/02\/17\/projeto-de-lei-de-talles-barreto-que-dispoe-sobre-o-programa-universitario-do-bem-probem-e-aprovado\/\"},\"author\":{\"name\":\"anajulia\",\"@id\":\"https:\/\/tallesbarreto.com.br\/site\/#\/schema\/person\/aa4d316082946d924a5d53fb5fb5d0e6\"},\"headline\":\"Projeto de lei de Talles Barreto que disp\u00f5e sobre o Programa Universit\u00e1rio do Bem- PROBEM \u00e9 aprovado\",\"datePublished\":\"2021-02-17T22:09:00+00:00\",\"dateModified\":\"2022-04-28T12:42:35+00:00\",\"mainEntityOfPage\":{\"@id\":\"https:\/\/tallesbarreto.com.br\/site\/index.php\/2021\/02\/17\/projeto-de-lei-de-talles-barreto-que-dispoe-sobre-o-programa-universitario-do-bem-probem-e-aprovado\/\"},\"wordCount\":137,\"publisher\":{\"@id\":\"https:\/\/tallesbarreto.com.br\/site\/#organization\"},\"keywords\":[\"Educa\u00e7\u00e3o\"],\"articleSection\":[\"Projetos de Lei Aprovados\"],\"inLanguage\":\"pt-BR\"},{\"@type\":\"Person\",\"@id\":\"https:\/\/tallesbarreto.com.br\/site\/#\/schema\/person\/aa4d316082946d924a5d53fb5fb5d0e6\",\"name\":\"anajulia\",\"image\":{\"@type\":\"ImageObject\",\"inLanguage\":\"pt-BR\",\"@id\":\"https:\/\/tallesbarreto.com.br\/site\/#\/schema\/person\/image\/\",\"url\":\"https:\/\/secure.gravatar.com\/avatar\/e541d5552eb2d7f6327ae96a8a55337b?s=96&d=mm&r=g\",\"contentUrl\":\"https:\/\/secure.gravatar.com\/avatar\/e541d5552eb2d7f6327ae96a8a55337b?s=96&d=mm&r=g\",\"caption\":\"anajulia\"},\"url\":\"https:\/\/tallesbarreto.com.br\/site\/index.php\/author\/anajulia\/\"}]}<\/script>\n<!-- \/ Yoast SEO plugin. -->","yoast_head_json":{"title":"Projeto de lei de Talles Barreto que disp\u00f5e sobre o Programa Universit\u00e1rio do Bem- PROBEM \u00e9 aprovado - Deputado Estadual Talles Barreto","robots":{"index":"index","follow":"follow","max-snippet":"max-snippet:-1","max-image-preview":"max-image-preview:large","max-video-preview":"max-video-preview:-1"},"canonical":"https:\/\/tallesbarreto.com.br\/site\/index.php\/2021\/02\/17\/projeto-de-lei-de-talles-barreto-que-dispoe-sobre-o-programa-universitario-do-bem-probem-e-aprovado\/","og_locale":"pt_BR","og_type":"article","og_title":"Projeto de lei de Talles Barreto que disp\u00f5e sobre o Programa Universit\u00e1rio do Bem- PROBEM \u00e9 aprovado - Deputado Estadual Talles Barreto","og_description":"De autoria dos deputados Talles Barreto e Bruno Peixoto, o projeto de lei em quest\u00e3o altera a lei n\u00b020.957\/2021, acerca do Programa Universit\u00e1rio do Bem- PROBEM. A proposi\u00e7\u00e3o visa ampliar a exig\u00eancia contida na atual reda\u00e7\u00e3o, abrangendo alunos que estejam regularmente matriculados em curso de gradua\u00e7\u00e3o n\u00e3o gratuito e em Institui\u00e7\u00f5es de Ensino Superior- IES [&hellip;]","og_url":"https:\/\/tallesbarreto.com.br\/site\/index.php\/2021\/02\/17\/projeto-de-lei-de-talles-barreto-que-dispoe-sobre-o-programa-universitario-do-bem-probem-e-aprovado\/","og_site_name":"Deputado Estadual Talles Barreto","article_publisher":"https:\/\/www.facebook.com\/deputadotallesbarreto\/","article_published_time":"2021-02-17T22:09:00+00:00","article_modified_time":"2022-04-28T12:42:35+00:00","og_image":[{"url":"https:\/\/images.pexels.com\/photos\/1454360\/pexels-photo-1454360.jpeg?auto=compress&amp;cs=tinysrgb&amp;dpr=1&amp;w=500"}],"author":"anajulia","twitter_card":"summary_large_image","twitter_creator":"@talles_barreto","twitter_site":"@talles_barreto","twitter_misc":{"Escrito por":"anajulia","Est. tempo de leitura":"1 minuto"},"schema":{"@context":"https:\/\/schema.org","@graph":[{"@type":"Organization","@id":"https:\/\/tallesbarreto.com.br\/site\/#organization","name":"Deputado Estadual Talles Barreto","url":"https:\/\/tallesbarreto.com.br\/site\/","sameAs":["https:\/\/www.instagram.com\/deputadotallesbarreto\/","https:\/\/www.facebook.com\/deputadotallesbarreto\/","https:\/\/twitter.com\/talles_barreto"],"logo":{"@type":"ImageObject","inLanguage":"pt-BR","@id":"https:\/\/tallesbarreto.com.br\/site\/#\/schema\/logo\/image\/","url":"https:\/\/tallesbarreto.com.br\/site\/wp-content\/uploads\/2019\/09\/logo-1.png","contentUrl":"https:\/\/tallesbarreto.com.br\/site\/wp-content\/uploads\/2019\/09\/logo-1.png","width":2481,"height":1226,"caption":"Deputado Estadual Talles Barreto"},"image":{"@id":"https:\/\/tallesbarreto.com.br\/site\/#\/schema\/logo\/image\/"}},{"@type":"WebSite","@id":"https:\/\/tallesbarreto.com.br\/site\/#website","url":"https:\/\/tallesbarreto.com.br\/site\/","name":"Deputado Estadual Talles Barreto","description":"","publisher":{"@id":"https:\/\/tallesbarreto.com.br\/site\/#organization"},"potentialAction":[{"@type":"SearchAction","target":{"@type":"EntryPoint","urlTemplate":"https:\/\/tallesbarreto.com.br\/site\/?s={search_term_string}"},"query-input":"required name=search_term_string"}],"inLanguage":"pt-BR"},{"@type":"WebPage","@id":"https:\/\/tallesbarreto.com.br\/site\/index.php\/2021\/02\/17\/projeto-de-lei-de-talles-barreto-que-dispoe-sobre-o-programa-universitario-do-bem-probem-e-aprovado\/","url":"https:\/\/tallesbarreto.com.br\/site\/index.php\/2021\/02\/17\/projeto-de-lei-de-talles-barreto-que-dispoe-sobre-o-programa-universitario-do-bem-probem-e-aprovado\/","name":"Projeto de lei de Talles Barreto que disp\u00f5e sobre o Programa Universit\u00e1rio do Bem- PROBEM \u00e9 aprovado - Deputado Estadual Talles Barreto","isPartOf":{"@id":"https:\/\/tallesbarreto.com.br\/site\/#website"},"datePublished":"2021-02-17T22:09:00+00:00","dateModified":"2022-04-28T12:42:35+00:00","breadcrumb":{"@id":"https:\/\/tallesbarreto.com.br\/site\/index.php\/2021\/02\/17\/projeto-de-lei-de-talles-barreto-que-dispoe-sobre-o-programa-universitario-do-bem-probem-e-aprovado\/#breadcrumb"},"inLanguage":"pt-BR","potentialAction":[{"@type":"ReadAction","target":["https:\/\/tallesbarreto.com.br\/site\/index.php\/2021\/02\/17\/projeto-de-lei-de-talles-barreto-que-dispoe-sobre-o-programa-universitario-do-bem-probem-e-aprovado\/"]}]},{"@type":"BreadcrumbList","@id":"https:\/\/tallesbarreto.com.br\/site\/index.php\/2021\/02\/17\/projeto-de-lei-de-talles-barreto-que-dispoe-sobre-o-programa-universitario-do-bem-probem-e-aprovado\/#breadcrumb","itemListElement":[{"@type":"ListItem","position":1,"name":"In\u00edcio","item":"https:\/\/tallesbarreto.com.br\/site\/"},{"@type":"ListItem","position":2,"name":"Projeto de lei de Talles Barreto que disp\u00f5e sobre o Programa Universit\u00e1rio do Bem- PROBEM \u00e9 aprovado"}]},{"@type":"Article","@id":"https:\/\/tallesbarreto.com.br\/site\/index.php\/2021\/02\/17\/projeto-de-lei-de-talles-barreto-que-dispoe-sobre-o-programa-universitario-do-bem-probem-e-aprovado\/#article","isPartOf":{"@id":"https:\/\/tallesbarreto.com.br\/site\/index.php\/2021\/02\/17\/projeto-de-lei-de-talles-barreto-que-dispoe-sobre-o-programa-universitario-do-bem-probem-e-aprovado\/"},"author":{"name":"anajulia","@id":"https:\/\/tallesbarreto.com.br\/site\/#\/schema\/person\/aa4d316082946d924a5d53fb5fb5d0e6"},"headline":"Projeto de lei de Talles Barreto que disp\u00f5e sobre o Programa Universit\u00e1rio do Bem- PROBEM \u00e9 aprovado","datePublished":"2021-02-17T22:09:00+00:00","dateModified":"2022-04-28T12:42:35+00:00","mainEntityOfPage":{"@id":"https:\/\/tallesbarreto.com.br\/site\/index.php\/2021\/02\/17\/projeto-de-lei-de-talles-barreto-que-dispoe-sobre-o-programa-universitario-do-bem-probem-e-aprovado\/"},"wordCount":137,"publisher":{"@id":"https:\/\/tallesbarreto.com.br\/site\/#organization"},"keywords":["Educa\u00e7\u00e3o"],"articleSection":["Projetos de Lei Aprovados"],"inLanguage":"pt-BR"},{"@type":"Person","@id":"https:\/\/tallesbarreto.com.br\/site\/#\/schema\/person\/aa4d316082946d924a5d53fb5fb5d0e6","name":"anajulia","image":{"@type":"ImageObject","inLanguage":"pt-BR","@id":"https:\/\/tallesbarreto.com.br\/site\/#\/schema\/person\/image\/","url":"https:\/\/secure.gravatar.com\/avatar\/e541d5552eb2d7f6327ae96a8a55337b?s=96&d=mm&r=g","contentUrl":"https:\/\/secure.gravatar.com\/avatar\/e541d5552eb2d7f6327ae96a8a55337b?s=96&d=mm&r=g","caption":"anajulia"},"url":"https:\/\/tallesbarreto.com.br\/site\/index.php\/author\/anajulia\/"}]}},"jetpack_featured_media_url":"","_links":{"self":[{"href":"https:\/\/tallesbarreto.com.br\/site\/index.php\/wp-json\/wp\/v2\/posts\/1463"}],"collection":[{"href":"https:\/\/tallesbarreto.com.br\/site\/index.php\/wp-json\/wp\/v2\/posts"}],"about":[{"href":"https:\/\/tallesbarreto.com.br\/site\/index.php\/wp-json\/wp\/v2\/types\/post"}],"author":[{"embeddable":true,"href":"https:\/\/tallesbarreto.com.br\/site\/index.php\/wp-json\/wp\/v2\/users\/9"}],"replies":[{"embeddable":true,"href":"https:\/\/tallesbarreto.com.br\/site\/index.php\/wp-json\/wp\/v2\/comments?post=1463"}],"version-history":[{"count":1,"href":"https:\/\/tallesbarreto.com.br\/site\/index.php\/wp-json\/wp\/v2\/posts\/1463\/revisions"}],"predecessor-version":[{"id":1464,"href":"https:\/\/tallesbarreto.com.br\/site\/index.php\/wp-json\/wp\/v2\/posts\/1463\/revisions\/1464"}],"wp:attachment":[{"href":"https:\/\/tallesbarreto.com.br\/site\/index.php\/wp-json\/wp\/v2\/media?parent=1463"}],"wp:term":[{"taxonomy":"category","embeddable":true,"href":"https:\/\/tallesbarreto.com.br\/site\/index.php\/wp-json\/wp\/v2\/categories?post=1463"},{"taxonomy":"post_tag","embeddable":true,"href":"https:\/\/tallesbarreto.com.br\/site\/index.php\/wp-json\/wp\/v2\/tags?post=1463"}],"curies":[{"name":"wp","href":"https:\/\/api.w.org\/{rel}","templated":true}]}}