{"id":1455,"date":"2022-04-12T08:58:00","date_gmt":"2022-04-12T11:58:00","guid":{"rendered":"https:\/\/tallesbarreto.com.br\/site\/?p=1455"},"modified":"2022-04-20T18:41:37","modified_gmt":"2022-04-20T21:41:37","slug":"proposta-de-talles-barreto-sobre-gratuidade-para-motocicletas-em-pedagios-vai-para-ccj","status":"publish","type":"post","link":"https:\/\/tallesbarreto.com.br\/site\/index.php\/2022\/04\/12\/proposta-de-talles-barreto-sobre-gratuidade-para-motocicletas-em-pedagios-vai-para-ccj\/","title":{"rendered":"Proposta de Talles Barreto sobre gratuidade para motocicletas em ped\u00e1gios vai para CCJ"},"content":{"rendered":"\n<p>O deputado estadual Talles Barreto apresentou, na \u00faltima quarta-feira (06\/04), uma proposi\u00e7\u00e3o que visa isentar ve\u00edculos automotores de duas rodas do pagamento de ped\u00e1gios no estado de Goi\u00e1s. O projeto de lei n\u00b01576\/22 foi encaminhado para a Comiss\u00e3o de Constitui\u00e7\u00e3o, Justi\u00e7a e Reda\u00e7\u00e3o (CCJ), aonde passar\u00e1 pela relatoria do deputado Coronel Adailton.<\/p>\n\n\n\n<p>De acordo com o deputado Talles, as motocicletas s\u00e3o usadas por grande parte da popula\u00e7\u00e3o por serem econ\u00f4micas e pr\u00e1ticas, tendo em vista que consomem menos combust\u00edvel e s\u00e3o mais velozes. Assim, para os motoristas que transitam regularmente entre cidades, os valores cobrados pelos ped\u00e1gios afetam negativamente a renda familiar.<\/p>\n\n\n\n<p>Ainda na justificativa da mat\u00e9ria, o deputado reiterou que o peso das motocicletas n\u00e3o causa danos significativos ao asfalto das rodovias e, consequentemente, n\u00e3o ocasiona tanta despesa para as concession\u00e1rias. Dessa forma, a proposi\u00e7\u00e3o em quest\u00e3o visa implantar uma cobran\u00e7a mais justa e proporcional.<\/p>\n\n\n\n<div class=\"wp-block-image\"><figure class=\"aligncenter is-resized\"><img loading=\"lazy\" src=\"https:\/\/thumbor.al.go.leg.br\/74DQQ9Bl1vPQ0zjHlYxHOdesjyc=\/700x0\/https%3A%2F%2Fsaba.al.go.leg.br%2Fv1%2Fdownload%2Fportal%2Fpublic%2FINZdQhK0rpR0th7aQ19CE9F9sCY1WTvEwRIeqTC8TJc%3D%3Fupdated_at%3D1649443299\" alt=\"Deputado Talles Barreto\" width=\"635\" height=\"424\" \/><figcaption>Foto: Deputado Talles Barreto. Galeria ALEGO.<\/figcaption><\/figure><\/div>\n","protected":false},"excerpt":{"rendered":"<p>O deputado estadual Talles Barreto apresentou, na \u00faltima quarta-feira (06\/04), uma proposi\u00e7\u00e3o que visa isentar ve\u00edculos automotores de duas rodas do pagamento de ped\u00e1gios no estado de Goi\u00e1s. O projeto de lei n\u00b01576\/22 foi encaminhado para a Comiss\u00e3o de Constitui\u00e7\u00e3o, Justi\u00e7a e Reda\u00e7\u00e3o (CCJ), aonde passar\u00e1 pela relatoria do deputado Coronel Adailton. De acordo com [&hellip;]<\/p>\n","protected":false},"author":9,"featured_media":0,"comment_status":"closed","ping_status":"open","sticky":false,"template":"","format":"standard","meta":{"spay_email":""},"categories":[12],"tags":[94],"yoast_head":"<!-- This site is optimized with the Yoast SEO plugin v19.4 - https:\/\/yoast.com\/wordpress\/plugins\/seo\/ -->\n<title>Proposta de Talles Barreto sobre gratuidade para motocicletas em ped\u00e1gios vai para CCJ - Deputado Estadual Talles Barreto<\/title>\n<meta name=\"robots\" content=\"index, follow, max-snippet:-1, max-image-preview:large, max-video-preview:-1\" \/>\n<link rel=\"canonical\" href=\"https:\/\/tallesbarreto.com.br\/site\/index.php\/2022\/04\/12\/proposta-de-talles-barreto-sobre-gratuidade-para-motocicletas-em-pedagios-vai-para-ccj\/\" \/>\n<meta property=\"og:locale\" content=\"pt_BR\" \/>\n<meta property=\"og:type\" content=\"article\" \/>\n<meta property=\"og:title\" content=\"Proposta de Talles Barreto sobre gratuidade para motocicletas em ped\u00e1gios vai para CCJ - Deputado Estadual Talles Barreto\" \/>\n<meta property=\"og:description\" content=\"O deputado estadual Talles Barreto apresentou, na \u00faltima quarta-feira (06\/04), uma proposi\u00e7\u00e3o que visa isentar ve\u00edculos automotores de duas rodas do pagamento de ped\u00e1gios no estado de Goi\u00e1s. O projeto de lei n\u00b01576\/22 foi encaminhado para a Comiss\u00e3o de Constitui\u00e7\u00e3o, Justi\u00e7a e Reda\u00e7\u00e3o (CCJ), aonde passar\u00e1 pela relatoria do deputado Coronel Adailton. De acordo com [&hellip;]\" \/>\n<meta property=\"og:url\" content=\"https:\/\/tallesbarreto.com.br\/site\/index.php\/2022\/04\/12\/proposta-de-talles-barreto-sobre-gratuidade-para-motocicletas-em-pedagios-vai-para-ccj\/\" \/>\n<meta property=\"og:site_name\" content=\"Deputado Estadual Talles Barreto\" \/>\n<meta property=\"article:publisher\" content=\"https:\/\/www.facebook.com\/deputadotallesbarreto\/\" \/>\n<meta property=\"article:published_time\" content=\"2022-04-12T11:58:00+00:00\" \/>\n<meta property=\"article:modified_time\" content=\"2022-04-20T21:41:37+00:00\" \/>\n<meta property=\"og:image\" content=\"https:\/\/thumbor.al.go.leg.br\/74DQQ9Bl1vPQ0zjHlYxHOdesjyc=\/700x0\/https%3A%2F%2Fsaba.al.go.leg.br%2Fv1%2Fdownload%2Fportal%2Fpublic%2FINZdQhK0rpR0th7aQ19CE9F9sCY1WTvEwRIeqTC8TJc%3D%3Fupdated_at%3D1649443299\" \/>\n<meta name=\"author\" content=\"anajulia\" \/>\n<meta name=\"twitter:card\" content=\"summary_large_image\" \/>\n<meta name=\"twitter:creator\" content=\"@talles_barreto\" \/>\n<meta name=\"twitter:site\" content=\"@talles_barreto\" \/>\n<meta name=\"twitter:label1\" content=\"Escrito por\" \/>\n\t<meta name=\"twitter:data1\" content=\"anajulia\" \/>\n\t<meta name=\"twitter:label2\" content=\"Est. tempo de leitura\" \/>\n\t<meta name=\"twitter:data2\" content=\"2 minutos\" \/>\n<script type=\"application\/ld+json\" class=\"yoast-schema-graph\">{\"@context\":\"https:\/\/schema.org\",\"@graph\":[{\"@type\":\"Organization\",\"@id\":\"https:\/\/tallesbarreto.com.br\/site\/#organization\",\"name\":\"Deputado Estadual Talles Barreto\",\"url\":\"https:\/\/tallesbarreto.com.br\/site\/\",\"sameAs\":[\"https:\/\/www.instagram.com\/deputadotallesbarreto\/\",\"https:\/\/www.facebook.com\/deputadotallesbarreto\/\",\"https:\/\/twitter.com\/talles_barreto\"],\"logo\":{\"@type\":\"ImageObject\",\"inLanguage\":\"pt-BR\",\"@id\":\"https:\/\/tallesbarreto.com.br\/site\/#\/schema\/logo\/image\/\",\"url\":\"https:\/\/tallesbarreto.com.br\/site\/wp-content\/uploads\/2019\/09\/logo-1.png\",\"contentUrl\":\"https:\/\/tallesbarreto.com.br\/site\/wp-content\/uploads\/2019\/09\/logo-1.png\",\"width\":2481,\"height\":1226,\"caption\":\"Deputado Estadual Talles Barreto\"},\"image\":{\"@id\":\"https:\/\/tallesbarreto.com.br\/site\/#\/schema\/logo\/image\/\"}},{\"@type\":\"WebSite\",\"@id\":\"https:\/\/tallesbarreto.com.br\/site\/#website\",\"url\":\"https:\/\/tallesbarreto.com.br\/site\/\",\"name\":\"Deputado Estadual Talles Barreto\",\"description\":\"\",\"publisher\":{\"@id\":\"https:\/\/tallesbarreto.com.br\/site\/#organization\"},\"potentialAction\":[{\"@type\":\"SearchAction\",\"target\":{\"@type\":\"EntryPoint\",\"urlTemplate\":\"https:\/\/tallesbarreto.com.br\/site\/?s={search_term_string}\"},\"query-input\":\"required name=search_term_string\"}],\"inLanguage\":\"pt-BR\"},{\"@type\":\"WebPage\",\"@id\":\"https:\/\/tallesbarreto.com.br\/site\/index.php\/2022\/04\/12\/proposta-de-talles-barreto-sobre-gratuidade-para-motocicletas-em-pedagios-vai-para-ccj\/\",\"url\":\"https:\/\/tallesbarreto.com.br\/site\/index.php\/2022\/04\/12\/proposta-de-talles-barreto-sobre-gratuidade-para-motocicletas-em-pedagios-vai-para-ccj\/\",\"name\":\"Proposta de Talles Barreto sobre gratuidade para motocicletas em ped\u00e1gios vai para CCJ - Deputado Estadual Talles Barreto\",\"isPartOf\":{\"@id\":\"https:\/\/tallesbarreto.com.br\/site\/#website\"},\"datePublished\":\"2022-04-12T11:58:00+00:00\",\"dateModified\":\"2022-04-20T21:41:37+00:00\",\"breadcrumb\":{\"@id\":\"https:\/\/tallesbarreto.com.br\/site\/index.php\/2022\/04\/12\/proposta-de-talles-barreto-sobre-gratuidade-para-motocicletas-em-pedagios-vai-para-ccj\/#breadcrumb\"},\"inLanguage\":\"pt-BR\",\"potentialAction\":[{\"@type\":\"ReadAction\",\"target\":[\"https:\/\/tallesbarreto.com.br\/site\/index.php\/2022\/04\/12\/proposta-de-talles-barreto-sobre-gratuidade-para-motocicletas-em-pedagios-vai-para-ccj\/\"]}]},{\"@type\":\"BreadcrumbList\",\"@id\":\"https:\/\/tallesbarreto.com.br\/site\/index.php\/2022\/04\/12\/proposta-de-talles-barreto-sobre-gratuidade-para-motocicletas-em-pedagios-vai-para-ccj\/#breadcrumb\",\"itemListElement\":[{\"@type\":\"ListItem\",\"position\":1,\"name\":\"In\u00edcio\",\"item\":\"https:\/\/tallesbarreto.com.br\/site\/\"},{\"@type\":\"ListItem\",\"position\":2,\"name\":\"Proposta de Talles Barreto sobre gratuidade para motocicletas em ped\u00e1gios vai para CCJ\"}]},{\"@type\":\"Article\",\"@id\":\"https:\/\/tallesbarreto.com.br\/site\/index.php\/2022\/04\/12\/proposta-de-talles-barreto-sobre-gratuidade-para-motocicletas-em-pedagios-vai-para-ccj\/#article\",\"isPartOf\":{\"@id\":\"https:\/\/tallesbarreto.com.br\/site\/index.php\/2022\/04\/12\/proposta-de-talles-barreto-sobre-gratuidade-para-motocicletas-em-pedagios-vai-para-ccj\/\"},\"author\":{\"name\":\"anajulia\",\"@id\":\"https:\/\/tallesbarreto.com.br\/site\/#\/schema\/person\/aa4d316082946d924a5d53fb5fb5d0e6\"},\"headline\":\"Proposta de Talles Barreto sobre gratuidade para motocicletas em ped\u00e1gios vai para CCJ\",\"datePublished\":\"2022-04-12T11:58:00+00:00\",\"dateModified\":\"2022-04-20T21:41:37+00:00\",\"mainEntityOfPage\":{\"@id\":\"https:\/\/tallesbarreto.com.br\/site\/index.php\/2022\/04\/12\/proposta-de-talles-barreto-sobre-gratuidade-para-motocicletas-em-pedagios-vai-para-ccj\/\"},\"wordCount\":187,\"publisher\":{\"@id\":\"https:\/\/tallesbarreto.com.br\/site\/#organization\"},\"keywords\":[\"tr\u00e2nsito\"],\"articleSection\":[\"Saiu na M\u00eddia\"],\"inLanguage\":\"pt-BR\"},{\"@type\":\"Person\",\"@id\":\"https:\/\/tallesbarreto.com.br\/site\/#\/schema\/person\/aa4d316082946d924a5d53fb5fb5d0e6\",\"name\":\"anajulia\",\"image\":{\"@type\":\"ImageObject\",\"inLanguage\":\"pt-BR\",\"@id\":\"https:\/\/tallesbarreto.com.br\/site\/#\/schema\/person\/image\/\",\"url\":\"https:\/\/secure.gravatar.com\/avatar\/e541d5552eb2d7f6327ae96a8a55337b?s=96&d=mm&r=g\",\"contentUrl\":\"https:\/\/secure.gravatar.com\/avatar\/e541d5552eb2d7f6327ae96a8a55337b?s=96&d=mm&r=g\",\"caption\":\"anajulia\"},\"url\":\"https:\/\/tallesbarreto.com.br\/site\/index.php\/author\/anajulia\/\"}]}<\/script>\n<!-- \/ Yoast SEO plugin. -->","yoast_head_json":{"title":"Proposta de Talles Barreto sobre gratuidade para motocicletas em ped\u00e1gios vai para CCJ - Deputado Estadual Talles Barreto","robots":{"index":"index","follow":"follow","max-snippet":"max-snippet:-1","max-image-preview":"max-image-preview:large","max-video-preview":"max-video-preview:-1"},"canonical":"https:\/\/tallesbarreto.com.br\/site\/index.php\/2022\/04\/12\/proposta-de-talles-barreto-sobre-gratuidade-para-motocicletas-em-pedagios-vai-para-ccj\/","og_locale":"pt_BR","og_type":"article","og_title":"Proposta de Talles Barreto sobre gratuidade para motocicletas em ped\u00e1gios vai para CCJ - Deputado Estadual Talles Barreto","og_description":"O deputado estadual Talles Barreto apresentou, na \u00faltima quarta-feira (06\/04), uma proposi\u00e7\u00e3o que visa isentar ve\u00edculos automotores de duas rodas do pagamento de ped\u00e1gios no estado de Goi\u00e1s. O projeto de lei n\u00b01576\/22 foi encaminhado para a Comiss\u00e3o de Constitui\u00e7\u00e3o, Justi\u00e7a e Reda\u00e7\u00e3o (CCJ), aonde passar\u00e1 pela relatoria do deputado Coronel Adailton. De acordo com [&hellip;]","og_url":"https:\/\/tallesbarreto.com.br\/site\/index.php\/2022\/04\/12\/proposta-de-talles-barreto-sobre-gratuidade-para-motocicletas-em-pedagios-vai-para-ccj\/","og_site_name":"Deputado Estadual Talles Barreto","article_publisher":"https:\/\/www.facebook.com\/deputadotallesbarreto\/","article_published_time":"2022-04-12T11:58:00+00:00","article_modified_time":"2022-04-20T21:41:37+00:00","og_image":[{"url":"https:\/\/thumbor.al.go.leg.br\/74DQQ9Bl1vPQ0zjHlYxHOdesjyc=\/700x0\/https%3A%2F%2Fsaba.al.go.leg.br%2Fv1%2Fdownload%2Fportal%2Fpublic%2FINZdQhK0rpR0th7aQ19CE9F9sCY1WTvEwRIeqTC8TJc%3D%3Fupdated_at%3D1649443299"}],"author":"anajulia","twitter_card":"summary_large_image","twitter_creator":"@talles_barreto","twitter_site":"@talles_barreto","twitter_misc":{"Escrito por":"anajulia","Est. tempo de leitura":"2 minutos"},"schema":{"@context":"https:\/\/schema.org","@graph":[{"@type":"Organization","@id":"https:\/\/tallesbarreto.com.br\/site\/#organization","name":"Deputado Estadual Talles Barreto","url":"https:\/\/tallesbarreto.com.br\/site\/","sameAs":["https:\/\/www.instagram.com\/deputadotallesbarreto\/","https:\/\/www.facebook.com\/deputadotallesbarreto\/","https:\/\/twitter.com\/talles_barreto"],"logo":{"@type":"ImageObject","inLanguage":"pt-BR","@id":"https:\/\/tallesbarreto.com.br\/site\/#\/schema\/logo\/image\/","url":"https:\/\/tallesbarreto.com.br\/site\/wp-content\/uploads\/2019\/09\/logo-1.png","contentUrl":"https:\/\/tallesbarreto.com.br\/site\/wp-content\/uploads\/2019\/09\/logo-1.png","width":2481,"height":1226,"caption":"Deputado Estadual Talles Barreto"},"image":{"@id":"https:\/\/tallesbarreto.com.br\/site\/#\/schema\/logo\/image\/"}},{"@type":"WebSite","@id":"https:\/\/tallesbarreto.com.br\/site\/#website","url":"https:\/\/tallesbarreto.com.br\/site\/","name":"Deputado Estadual Talles Barreto","description":"","publisher":{"@id":"https:\/\/tallesbarreto.com.br\/site\/#organization"},"potentialAction":[{"@type":"SearchAction","target":{"@type":"EntryPoint","urlTemplate":"https:\/\/tallesbarreto.com.br\/site\/?s={search_term_string}"},"query-input":"required name=search_term_string"}],"inLanguage":"pt-BR"},{"@type":"WebPage","@id":"https:\/\/tallesbarreto.com.br\/site\/index.php\/2022\/04\/12\/proposta-de-talles-barreto-sobre-gratuidade-para-motocicletas-em-pedagios-vai-para-ccj\/","url":"https:\/\/tallesbarreto.com.br\/site\/index.php\/2022\/04\/12\/proposta-de-talles-barreto-sobre-gratuidade-para-motocicletas-em-pedagios-vai-para-ccj\/","name":"Proposta de Talles Barreto sobre gratuidade para motocicletas em ped\u00e1gios vai para CCJ - Deputado Estadual Talles Barreto","isPartOf":{"@id":"https:\/\/tallesbarreto.com.br\/site\/#website"},"datePublished":"2022-04-12T11:58:00+00:00","dateModified":"2022-04-20T21:41:37+00:00","breadcrumb":{"@id":"https:\/\/tallesbarreto.com.br\/site\/index.php\/2022\/04\/12\/proposta-de-talles-barreto-sobre-gratuidade-para-motocicletas-em-pedagios-vai-para-ccj\/#breadcrumb"},"inLanguage":"pt-BR","potentialAction":[{"@type":"ReadAction","target":["https:\/\/tallesbarreto.com.br\/site\/index.php\/2022\/04\/12\/proposta-de-talles-barreto-sobre-gratuidade-para-motocicletas-em-pedagios-vai-para-ccj\/"]}]},{"@type":"BreadcrumbList","@id":"https:\/\/tallesbarreto.com.br\/site\/index.php\/2022\/04\/12\/proposta-de-talles-barreto-sobre-gratuidade-para-motocicletas-em-pedagios-vai-para-ccj\/#breadcrumb","itemListElement":[{"@type":"ListItem","position":1,"name":"In\u00edcio","item":"https:\/\/tallesbarreto.com.br\/site\/"},{"@type":"ListItem","position":2,"name":"Proposta de Talles Barreto sobre gratuidade para motocicletas em ped\u00e1gios vai para CCJ"}]},{"@type":"Article","@id":"https:\/\/tallesbarreto.com.br\/site\/index.php\/2022\/04\/12\/proposta-de-talles-barreto-sobre-gratuidade-para-motocicletas-em-pedagios-vai-para-ccj\/#article","isPartOf":{"@id":"https:\/\/tallesbarreto.com.br\/site\/index.php\/2022\/04\/12\/proposta-de-talles-barreto-sobre-gratuidade-para-motocicletas-em-pedagios-vai-para-ccj\/"},"author":{"name":"anajulia","@id":"https:\/\/tallesbarreto.com.br\/site\/#\/schema\/person\/aa4d316082946d924a5d53fb5fb5d0e6"},"headline":"Proposta de Talles Barreto sobre gratuidade para motocicletas em ped\u00e1gios vai para CCJ","datePublished":"2022-04-12T11:58:00+00:00","dateModified":"2022-04-20T21:41:37+00:00","mainEntityOfPage":{"@id":"https:\/\/tallesbarreto.com.br\/site\/index.php\/2022\/04\/12\/proposta-de-talles-barreto-sobre-gratuidade-para-motocicletas-em-pedagios-vai-para-ccj\/"},"wordCount":187,"publisher":{"@id":"https:\/\/tallesbarreto.com.br\/site\/#organization"},"keywords":["tr\u00e2nsito"],"articleSection":["Saiu na M\u00eddia"],"inLanguage":"pt-BR"},{"@type":"Person","@id":"https:\/\/tallesbarreto.com.br\/site\/#\/schema\/person\/aa4d316082946d924a5d53fb5fb5d0e6","name":"anajulia","image":{"@type":"ImageObject","inLanguage":"pt-BR","@id":"https:\/\/tallesbarreto.com.br\/site\/#\/schema\/person\/image\/","url":"https:\/\/secure.gravatar.com\/avatar\/e541d5552eb2d7f6327ae96a8a55337b?s=96&d=mm&r=g","contentUrl":"https:\/\/secure.gravatar.com\/avatar\/e541d5552eb2d7f6327ae96a8a55337b?s=96&d=mm&r=g","caption":"anajulia"},"url":"https:\/\/tallesbarreto.com.br\/site\/index.php\/author\/anajulia\/"}]}},"jetpack_featured_media_url":"","_links":{"self":[{"href":"https:\/\/tallesbarreto.com.br\/site\/index.php\/wp-json\/wp\/v2\/posts\/1455"}],"collection":[{"href":"https:\/\/tallesbarreto.com.br\/site\/index.php\/wp-json\/wp\/v2\/posts"}],"about":[{"href":"https:\/\/tallesbarreto.com.br\/site\/index.php\/wp-json\/wp\/v2\/types\/post"}],"author":[{"embeddable":true,"href":"https:\/\/tallesbarreto.com.br\/site\/index.php\/wp-json\/wp\/v2\/users\/9"}],"replies":[{"embeddable":true,"href":"https:\/\/tallesbarreto.com.br\/site\/index.php\/wp-json\/wp\/v2\/comments?post=1455"}],"version-history":[{"count":2,"href":"https:\/\/tallesbarreto.com.br\/site\/index.php\/wp-json\/wp\/v2\/posts\/1455\/revisions"}],"predecessor-version":[{"id":1458,"href":"https:\/\/tallesbarreto.com.br\/site\/index.php\/wp-json\/wp\/v2\/posts\/1455\/revisions\/1458"}],"wp:attachment":[{"href":"https:\/\/tallesbarreto.com.br\/site\/index.php\/wp-json\/wp\/v2\/media?parent=1455"}],"wp:term":[{"taxonomy":"category","embeddable":true,"href":"https:\/\/tallesbarreto.com.br\/site\/index.php\/wp-json\/wp\/v2\/categories?post=1455"},{"taxonomy":"post_tag","embeddable":true,"href":"https:\/\/tallesbarreto.com.br\/site\/index.php\/wp-json\/wp\/v2\/tags?post=1455"}],"curies":[{"name":"wp","href":"https:\/\/api.w.org\/{rel}","templated":true}]}}