{"id":1438,"date":"2022-04-11T14:29:00","date_gmt":"2022-04-11T17:29:00","guid":{"rendered":"https:\/\/tallesbarreto.com.br\/site\/?p=1438"},"modified":"2022-04-18T10:32:41","modified_gmt":"2022-04-18T13:32:41","slug":"situacao-atual-do-eja-e-debatida-durante-audiencia-publica-comandada-por-talles-barreto","status":"publish","type":"post","link":"https:\/\/tallesbarreto.com.br\/site\/index.php\/2022\/04\/11\/situacao-atual-do-eja-e-debatida-durante-audiencia-publica-comandada-por-talles-barreto\/","title":{"rendered":"Situa\u00e7\u00e3o atual do EJA \u00e9 debatida durante Audi\u00eancia P\u00fablica comandada por Talles Barreto"},"content":{"rendered":"\n<figure class=\"wp-block-image size-large\"><img loading=\"lazy\" width=\"648\" height=\"432\" src=\"https:\/\/i0.wp.com\/tallesbarreto.com.br\/site\/wp-content\/uploads\/2022\/04\/Sergio-Rocha-36-1-1.jpg?resize=648%2C432&#038;ssl=1\" alt=\"\" class=\"wp-image-1440\" srcset=\"https:\/\/i0.wp.com\/tallesbarreto.com.br\/site\/wp-content\/uploads\/2022\/04\/Sergio-Rocha-36-1-1.jpg?resize=1024%2C682&amp;ssl=1 1024w, https:\/\/i0.wp.com\/tallesbarreto.com.br\/site\/wp-content\/uploads\/2022\/04\/Sergio-Rocha-36-1-1.jpg?resize=300%2C200&amp;ssl=1 300w, https:\/\/i0.wp.com\/tallesbarreto.com.br\/site\/wp-content\/uploads\/2022\/04\/Sergio-Rocha-36-1-1.jpg?resize=768%2C511&amp;ssl=1 768w, https:\/\/i0.wp.com\/tallesbarreto.com.br\/site\/wp-content\/uploads\/2022\/04\/Sergio-Rocha-36-1-1.jpg?resize=1536%2C1022&amp;ssl=1 1536w, https:\/\/i0.wp.com\/tallesbarreto.com.br\/site\/wp-content\/uploads\/2022\/04\/Sergio-Rocha-36-1-1.jpg?resize=2048%2C1363&amp;ssl=1 2048w, https:\/\/i0.wp.com\/tallesbarreto.com.br\/site\/wp-content\/uploads\/2022\/04\/Sergio-Rocha-36-1-1.jpg?w=1296&amp;ssl=1 1296w, https:\/\/i0.wp.com\/tallesbarreto.com.br\/site\/wp-content\/uploads\/2022\/04\/Sergio-Rocha-36-1-1.jpg?w=1944&amp;ssl=1 1944w\" sizes=\"(max-width: 648px) 100vw, 648px\" data-recalc-dims=\"1\" \/><figcaption><em>Representantes da educa\u00e7\u00e3o participam de audi\u00eancia p\u00fablica sobre o EJA<\/em><\/figcaption><\/figure>\n\n\n\n<p>A situa\u00e7\u00e3o atual do Ensino de Jovens e Adultos (EJA) foi debatida durante Audi\u00eancia P\u00fablica realizada pela Comiss\u00e3o de Educa\u00e7\u00e3o, Cultura e Esportes da Assembleia Legislativa nesta segunda-feira (11), coordenada pelo presidente da pasta, deputado estadual Talles Barreto. &nbsp;A realiza\u00e7\u00e3o da reuni\u00e3o atendeu pedido do deputado estadual Ant\u00f4nio Gomide.<\/p>\n\n\n\n<p><\/p>\n\n\n\n<p>Os pontos cr\u00edticos foram levantados pelo F\u00f3rum Goiano de EJA, sobretudo a respeito ao EJA-TEC, que \u00e9 uma modalidade de ensino a dist\u00e2ncia, criada com a proposta de ampliar as possibilidades de conclus\u00e3o do Ensino M\u00e9dio na rede p\u00fablica estadual de Goi\u00e1s, destinada \u00e0queles que j\u00e1 s\u00e3o maiores de 18 anos e que j\u00e1 tenham conclu\u00eddo o Ensino Fundamental.<br><br>Talles Barreto considerou de grande import\u00e2ncia a realiza\u00e7\u00e3o de audi\u00eancia p\u00fablica para debate da tem\u00e1tica e avan\u00e7o da educa\u00e7\u00e3o em Goi\u00e1s. Tamb\u00e9m compuseram a mesa dos trabalhos, os deputados Delegada Adriana Accorsi e Ant\u00f4nio Gomide, superintendente de Modalidades e Tem\u00e1ticas Especiais da Seduc, N\u00fabia Rejane Ferreira Silva; presidente do Sintego, Bia de Lima;, presidente do Conselho Estadual de Educa\u00e7\u00e3o, Fl\u00e1vio Roberto de Castro e a representante do f\u00f3rum EJA, Cl\u00e1udia Borges Costa.<\/p>\n\n\n\n<figure class=\"wp-block-image size-large\"><img loading=\"lazy\" width=\"648\" height=\"432\" src=\"https:\/\/i0.wp.com\/tallesbarreto.com.br\/site\/wp-content\/uploads\/2022\/04\/Sergio-Rocha-66.jpg?resize=648%2C432&#038;ssl=1\" alt=\"\" class=\"wp-image-1441\" srcset=\"https:\/\/i0.wp.com\/tallesbarreto.com.br\/site\/wp-content\/uploads\/2022\/04\/Sergio-Rocha-66.jpg?resize=1024%2C682&amp;ssl=1 1024w, https:\/\/i0.wp.com\/tallesbarreto.com.br\/site\/wp-content\/uploads\/2022\/04\/Sergio-Rocha-66.jpg?resize=300%2C200&amp;ssl=1 300w, https:\/\/i0.wp.com\/tallesbarreto.com.br\/site\/wp-content\/uploads\/2022\/04\/Sergio-Rocha-66.jpg?resize=768%2C511&amp;ssl=1 768w, https:\/\/i0.wp.com\/tallesbarreto.com.br\/site\/wp-content\/uploads\/2022\/04\/Sergio-Rocha-66.jpg?resize=1536%2C1022&amp;ssl=1 1536w, https:\/\/i0.wp.com\/tallesbarreto.com.br\/site\/wp-content\/uploads\/2022\/04\/Sergio-Rocha-66.jpg?resize=2048%2C1363&amp;ssl=1 2048w, https:\/\/i0.wp.com\/tallesbarreto.com.br\/site\/wp-content\/uploads\/2022\/04\/Sergio-Rocha-66.jpg?w=1296&amp;ssl=1 1296w, https:\/\/i0.wp.com\/tallesbarreto.com.br\/site\/wp-content\/uploads\/2022\/04\/Sergio-Rocha-66.jpg?w=1944&amp;ssl=1 1944w\" sizes=\"(max-width: 648px) 100vw, 648px\" data-recalc-dims=\"1\" \/><figcaption> <em>Talles coordena audi\u00eancia p\u00fablica sobre o EJA<\/em> <\/figcaption><\/figure>\n\n\n\n<p>Segundo ela, o EJA historicamente ficou \u00e0 margem e, ainda que, em 1996, passasse a ser uma modalidade da educa\u00e7\u00e3o b\u00e1sica, percebe que h\u00e1 certo descaso por parte dos poderes p\u00fablicos, em todos os n\u00edveis. \u201cEssa \u00e9 uma realidade que n\u00f3s temos vivenciado.\u201d<\/p>\n\n\n\n<p><strong>Quem \u00e9 atendido pelo programa<\/strong><br><br>O verdadeiro alvo do EJA-TEC, alunos do programa participaram da audi\u00eancia p\u00fablica e tamb\u00e9m puderam se manifestar durante a reuni\u00e3o. As alunas Elda Silva e Maria Aparecida, exaltaram o programa de Ensino de Jovens e Adultos em suas vidas. Ambas ressaltaram que o ensino mudou a hist\u00f3ria de suas vidas. Elda, que s\u00f3 tem 5% da vis\u00e3o, j\u00e1 fez o vestibular, enquanto Aparecida concluiu o 3\u00ba ano e, agora, vai ingressar no ensino superior. Elas destacaram o apoio do Governo Estadual, especialmente com o programa de entrega de notebooks, do tipo Chromebooks, e do cart\u00e3o de 100 reais.<\/p>\n\n\n\n<p>A Superintendente de Modalidades e Tem\u00e1ticas Especiais da Seduc, N\u00fabia Rejaine Ferreira Silva afirmou que existe um Plano Estadual de Educa\u00e7\u00e3o e que todos os acordos devem ser cumpridos.<\/p>\n","protected":false},"excerpt":{"rendered":"<p>A situa\u00e7\u00e3o atual do Ensino de Jovens e Adultos (EJA) foi debatida durante Audi\u00eancia P\u00fablica realizada pela Comiss\u00e3o de Educa\u00e7\u00e3o, Cultura e Esportes da Assembleia Legislativa nesta segunda-feira (11), coordenada pelo presidente da pasta, deputado estadual Talles Barreto. &nbsp;A realiza\u00e7\u00e3o da reuni\u00e3o atendeu pedido do deputado estadual Ant\u00f4nio Gomide. Os pontos cr\u00edticos foram levantados pelo [&hellip;]<\/p>\n","protected":false},"author":3,"featured_media":0,"comment_status":"closed","ping_status":"open","sticky":false,"template":"","format":"standard","meta":{"spay_email":""},"categories":[12],"tags":[],"yoast_head":"<!-- This site is optimized with the Yoast SEO plugin v19.4 - https:\/\/yoast.com\/wordpress\/plugins\/seo\/ -->\n<title>Situa\u00e7\u00e3o atual do EJA \u00e9 debatida durante Audi\u00eancia P\u00fablica comandada por Talles Barreto - Deputado Estadual Talles Barreto<\/title>\n<meta name=\"robots\" content=\"index, follow, max-snippet:-1, max-image-preview:large, max-video-preview:-1\" \/>\n<link rel=\"canonical\" href=\"https:\/\/tallesbarreto.com.br\/site\/index.php\/2022\/04\/11\/situacao-atual-do-eja-e-debatida-durante-audiencia-publica-comandada-por-talles-barreto\/\" \/>\n<meta property=\"og:locale\" content=\"pt_BR\" \/>\n<meta property=\"og:type\" content=\"article\" \/>\n<meta property=\"og:title\" content=\"Situa\u00e7\u00e3o atual do EJA \u00e9 debatida durante Audi\u00eancia P\u00fablica comandada por Talles Barreto - Deputado Estadual Talles Barreto\" \/>\n<meta property=\"og:description\" content=\"A situa\u00e7\u00e3o atual do Ensino de Jovens e Adultos (EJA) foi debatida durante Audi\u00eancia P\u00fablica realizada pela Comiss\u00e3o de Educa\u00e7\u00e3o, Cultura e Esportes da Assembleia Legislativa nesta segunda-feira (11), coordenada pelo presidente da pasta, deputado estadual Talles Barreto. &nbsp;A realiza\u00e7\u00e3o da reuni\u00e3o atendeu pedido do deputado estadual Ant\u00f4nio Gomide. Os pontos cr\u00edticos foram levantados pelo [&hellip;]\" \/>\n<meta property=\"og:url\" content=\"https:\/\/tallesbarreto.com.br\/site\/index.php\/2022\/04\/11\/situacao-atual-do-eja-e-debatida-durante-audiencia-publica-comandada-por-talles-barreto\/\" \/>\n<meta property=\"og:site_name\" content=\"Deputado Estadual Talles Barreto\" \/>\n<meta property=\"article:publisher\" content=\"https:\/\/www.facebook.com\/deputadotallesbarreto\/\" \/>\n<meta property=\"article:published_time\" content=\"2022-04-11T17:29:00+00:00\" \/>\n<meta property=\"article:modified_time\" content=\"2022-04-18T13:32:41+00:00\" \/>\n<meta property=\"og:image\" content=\"https:\/\/tallesbarreto.com.br\/site\/wp-content\/uploads\/2022\/04\/Sergio-Rocha-36-1-1-1024x682.jpg\" \/>\n<meta name=\"author\" content=\"brunna\" \/>\n<meta name=\"twitter:card\" content=\"summary_large_image\" \/>\n<meta name=\"twitter:creator\" content=\"@talles_barreto\" \/>\n<meta name=\"twitter:site\" content=\"@talles_barreto\" \/>\n<meta name=\"twitter:label1\" content=\"Escrito por\" \/>\n\t<meta name=\"twitter:data1\" content=\"brunna\" \/>\n\t<meta name=\"twitter:label2\" content=\"Est. tempo de leitura\" \/>\n\t<meta name=\"twitter:data2\" content=\"2 minutos\" \/>\n<script type=\"application\/ld+json\" class=\"yoast-schema-graph\">{\"@context\":\"https:\/\/schema.org\",\"@graph\":[{\"@type\":\"Organization\",\"@id\":\"https:\/\/tallesbarreto.com.br\/site\/#organization\",\"name\":\"Deputado Estadual Talles Barreto\",\"url\":\"https:\/\/tallesbarreto.com.br\/site\/\",\"sameAs\":[\"https:\/\/www.instagram.com\/deputadotallesbarreto\/\",\"https:\/\/www.facebook.com\/deputadotallesbarreto\/\",\"https:\/\/twitter.com\/talles_barreto\"],\"logo\":{\"@type\":\"ImageObject\",\"inLanguage\":\"pt-BR\",\"@id\":\"https:\/\/tallesbarreto.com.br\/site\/#\/schema\/logo\/image\/\",\"url\":\"https:\/\/tallesbarreto.com.br\/site\/wp-content\/uploads\/2019\/09\/logo-1.png\",\"contentUrl\":\"https:\/\/tallesbarreto.com.br\/site\/wp-content\/uploads\/2019\/09\/logo-1.png\",\"width\":2481,\"height\":1226,\"caption\":\"Deputado Estadual Talles Barreto\"},\"image\":{\"@id\":\"https:\/\/tallesbarreto.com.br\/site\/#\/schema\/logo\/image\/\"}},{\"@type\":\"WebSite\",\"@id\":\"https:\/\/tallesbarreto.com.br\/site\/#website\",\"url\":\"https:\/\/tallesbarreto.com.br\/site\/\",\"name\":\"Deputado Estadual Talles Barreto\",\"description\":\"\",\"publisher\":{\"@id\":\"https:\/\/tallesbarreto.com.br\/site\/#organization\"},\"potentialAction\":[{\"@type\":\"SearchAction\",\"target\":{\"@type\":\"EntryPoint\",\"urlTemplate\":\"https:\/\/tallesbarreto.com.br\/site\/?s={search_term_string}\"},\"query-input\":\"required name=search_term_string\"}],\"inLanguage\":\"pt-BR\"},{\"@type\":\"WebPage\",\"@id\":\"https:\/\/tallesbarreto.com.br\/site\/index.php\/2022\/04\/11\/situacao-atual-do-eja-e-debatida-durante-audiencia-publica-comandada-por-talles-barreto\/\",\"url\":\"https:\/\/tallesbarreto.com.br\/site\/index.php\/2022\/04\/11\/situacao-atual-do-eja-e-debatida-durante-audiencia-publica-comandada-por-talles-barreto\/\",\"name\":\"Situa\u00e7\u00e3o atual do EJA \u00e9 debatida durante Audi\u00eancia P\u00fablica comandada por Talles Barreto - Deputado Estadual Talles Barreto\",\"isPartOf\":{\"@id\":\"https:\/\/tallesbarreto.com.br\/site\/#website\"},\"datePublished\":\"2022-04-11T17:29:00+00:00\",\"dateModified\":\"2022-04-18T13:32:41+00:00\",\"breadcrumb\":{\"@id\":\"https:\/\/tallesbarreto.com.br\/site\/index.php\/2022\/04\/11\/situacao-atual-do-eja-e-debatida-durante-audiencia-publica-comandada-por-talles-barreto\/#breadcrumb\"},\"inLanguage\":\"pt-BR\",\"potentialAction\":[{\"@type\":\"ReadAction\",\"target\":[\"https:\/\/tallesbarreto.com.br\/site\/index.php\/2022\/04\/11\/situacao-atual-do-eja-e-debatida-durante-audiencia-publica-comandada-por-talles-barreto\/\"]}]},{\"@type\":\"BreadcrumbList\",\"@id\":\"https:\/\/tallesbarreto.com.br\/site\/index.php\/2022\/04\/11\/situacao-atual-do-eja-e-debatida-durante-audiencia-publica-comandada-por-talles-barreto\/#breadcrumb\",\"itemListElement\":[{\"@type\":\"ListItem\",\"position\":1,\"name\":\"In\u00edcio\",\"item\":\"https:\/\/tallesbarreto.com.br\/site\/\"},{\"@type\":\"ListItem\",\"position\":2,\"name\":\"Situa\u00e7\u00e3o atual do EJA \u00e9 debatida durante Audi\u00eancia P\u00fablica comandada por Talles Barreto\"}]},{\"@type\":\"Article\",\"@id\":\"https:\/\/tallesbarreto.com.br\/site\/index.php\/2022\/04\/11\/situacao-atual-do-eja-e-debatida-durante-audiencia-publica-comandada-por-talles-barreto\/#article\",\"isPartOf\":{\"@id\":\"https:\/\/tallesbarreto.com.br\/site\/index.php\/2022\/04\/11\/situacao-atual-do-eja-e-debatida-durante-audiencia-publica-comandada-por-talles-barreto\/\"},\"author\":{\"name\":\"brunna\",\"@id\":\"https:\/\/tallesbarreto.com.br\/site\/#\/schema\/person\/5bea009e77796979c19941ebd38a4886\"},\"headline\":\"Situa\u00e7\u00e3o atual do EJA \u00e9 debatida durante Audi\u00eancia P\u00fablica comandada por Talles Barreto\",\"datePublished\":\"2022-04-11T17:29:00+00:00\",\"dateModified\":\"2022-04-18T13:32:41+00:00\",\"mainEntityOfPage\":{\"@id\":\"https:\/\/tallesbarreto.com.br\/site\/index.php\/2022\/04\/11\/situacao-atual-do-eja-e-debatida-durante-audiencia-publica-comandada-por-talles-barreto\/\"},\"wordCount\":430,\"publisher\":{\"@id\":\"https:\/\/tallesbarreto.com.br\/site\/#organization\"},\"articleSection\":[\"Saiu na M\u00eddia\"],\"inLanguage\":\"pt-BR\"},{\"@type\":\"Person\",\"@id\":\"https:\/\/tallesbarreto.com.br\/site\/#\/schema\/person\/5bea009e77796979c19941ebd38a4886\",\"name\":\"brunna\",\"image\":{\"@type\":\"ImageObject\",\"inLanguage\":\"pt-BR\",\"@id\":\"https:\/\/tallesbarreto.com.br\/site\/#\/schema\/person\/image\/\",\"url\":\"https:\/\/secure.gravatar.com\/avatar\/9f437887eff5a42295e1b9835aeb67b4?s=96&d=mm&r=g\",\"contentUrl\":\"https:\/\/secure.gravatar.com\/avatar\/9f437887eff5a42295e1b9835aeb67b4?s=96&d=mm&r=g\",\"caption\":\"brunna\"},\"url\":\"https:\/\/tallesbarreto.com.br\/site\/index.php\/author\/brunna\/\"}]}<\/script>\n<!-- \/ Yoast SEO plugin. -->","yoast_head_json":{"title":"Situa\u00e7\u00e3o atual do EJA \u00e9 debatida durante Audi\u00eancia P\u00fablica comandada por Talles Barreto - Deputado Estadual Talles Barreto","robots":{"index":"index","follow":"follow","max-snippet":"max-snippet:-1","max-image-preview":"max-image-preview:large","max-video-preview":"max-video-preview:-1"},"canonical":"https:\/\/tallesbarreto.com.br\/site\/index.php\/2022\/04\/11\/situacao-atual-do-eja-e-debatida-durante-audiencia-publica-comandada-por-talles-barreto\/","og_locale":"pt_BR","og_type":"article","og_title":"Situa\u00e7\u00e3o atual do EJA \u00e9 debatida durante Audi\u00eancia P\u00fablica comandada por Talles Barreto - Deputado Estadual Talles Barreto","og_description":"A situa\u00e7\u00e3o atual do Ensino de Jovens e Adultos (EJA) foi debatida durante Audi\u00eancia P\u00fablica realizada pela Comiss\u00e3o de Educa\u00e7\u00e3o, Cultura e Esportes da Assembleia Legislativa nesta segunda-feira (11), coordenada pelo presidente da pasta, deputado estadual Talles Barreto. &nbsp;A realiza\u00e7\u00e3o da reuni\u00e3o atendeu pedido do deputado estadual Ant\u00f4nio Gomide. Os pontos cr\u00edticos foram levantados pelo [&hellip;]","og_url":"https:\/\/tallesbarreto.com.br\/site\/index.php\/2022\/04\/11\/situacao-atual-do-eja-e-debatida-durante-audiencia-publica-comandada-por-talles-barreto\/","og_site_name":"Deputado Estadual Talles Barreto","article_publisher":"https:\/\/www.facebook.com\/deputadotallesbarreto\/","article_published_time":"2022-04-11T17:29:00+00:00","article_modified_time":"2022-04-18T13:32:41+00:00","og_image":[{"url":"https:\/\/tallesbarreto.com.br\/site\/wp-content\/uploads\/2022\/04\/Sergio-Rocha-36-1-1-1024x682.jpg"}],"author":"brunna","twitter_card":"summary_large_image","twitter_creator":"@talles_barreto","twitter_site":"@talles_barreto","twitter_misc":{"Escrito por":"brunna","Est. tempo de leitura":"2 minutos"},"schema":{"@context":"https:\/\/schema.org","@graph":[{"@type":"Organization","@id":"https:\/\/tallesbarreto.com.br\/site\/#organization","name":"Deputado Estadual Talles Barreto","url":"https:\/\/tallesbarreto.com.br\/site\/","sameAs":["https:\/\/www.instagram.com\/deputadotallesbarreto\/","https:\/\/www.facebook.com\/deputadotallesbarreto\/","https:\/\/twitter.com\/talles_barreto"],"logo":{"@type":"ImageObject","inLanguage":"pt-BR","@id":"https:\/\/tallesbarreto.com.br\/site\/#\/schema\/logo\/image\/","url":"https:\/\/tallesbarreto.com.br\/site\/wp-content\/uploads\/2019\/09\/logo-1.png","contentUrl":"https:\/\/tallesbarreto.com.br\/site\/wp-content\/uploads\/2019\/09\/logo-1.png","width":2481,"height":1226,"caption":"Deputado Estadual Talles Barreto"},"image":{"@id":"https:\/\/tallesbarreto.com.br\/site\/#\/schema\/logo\/image\/"}},{"@type":"WebSite","@id":"https:\/\/tallesbarreto.com.br\/site\/#website","url":"https:\/\/tallesbarreto.com.br\/site\/","name":"Deputado Estadual Talles Barreto","description":"","publisher":{"@id":"https:\/\/tallesbarreto.com.br\/site\/#organization"},"potentialAction":[{"@type":"SearchAction","target":{"@type":"EntryPoint","urlTemplate":"https:\/\/tallesbarreto.com.br\/site\/?s={search_term_string}"},"query-input":"required name=search_term_string"}],"inLanguage":"pt-BR"},{"@type":"WebPage","@id":"https:\/\/tallesbarreto.com.br\/site\/index.php\/2022\/04\/11\/situacao-atual-do-eja-e-debatida-durante-audiencia-publica-comandada-por-talles-barreto\/","url":"https:\/\/tallesbarreto.com.br\/site\/index.php\/2022\/04\/11\/situacao-atual-do-eja-e-debatida-durante-audiencia-publica-comandada-por-talles-barreto\/","name":"Situa\u00e7\u00e3o atual do EJA \u00e9 debatida durante Audi\u00eancia P\u00fablica comandada por Talles Barreto - Deputado Estadual Talles Barreto","isPartOf":{"@id":"https:\/\/tallesbarreto.com.br\/site\/#website"},"datePublished":"2022-04-11T17:29:00+00:00","dateModified":"2022-04-18T13:32:41+00:00","breadcrumb":{"@id":"https:\/\/tallesbarreto.com.br\/site\/index.php\/2022\/04\/11\/situacao-atual-do-eja-e-debatida-durante-audiencia-publica-comandada-por-talles-barreto\/#breadcrumb"},"inLanguage":"pt-BR","potentialAction":[{"@type":"ReadAction","target":["https:\/\/tallesbarreto.com.br\/site\/index.php\/2022\/04\/11\/situacao-atual-do-eja-e-debatida-durante-audiencia-publica-comandada-por-talles-barreto\/"]}]},{"@type":"BreadcrumbList","@id":"https:\/\/tallesbarreto.com.br\/site\/index.php\/2022\/04\/11\/situacao-atual-do-eja-e-debatida-durante-audiencia-publica-comandada-por-talles-barreto\/#breadcrumb","itemListElement":[{"@type":"ListItem","position":1,"name":"In\u00edcio","item":"https:\/\/tallesbarreto.com.br\/site\/"},{"@type":"ListItem","position":2,"name":"Situa\u00e7\u00e3o atual do EJA \u00e9 debatida durante Audi\u00eancia P\u00fablica comandada por Talles Barreto"}]},{"@type":"Article","@id":"https:\/\/tallesbarreto.com.br\/site\/index.php\/2022\/04\/11\/situacao-atual-do-eja-e-debatida-durante-audiencia-publica-comandada-por-talles-barreto\/#article","isPartOf":{"@id":"https:\/\/tallesbarreto.com.br\/site\/index.php\/2022\/04\/11\/situacao-atual-do-eja-e-debatida-durante-audiencia-publica-comandada-por-talles-barreto\/"},"author":{"name":"brunna","@id":"https:\/\/tallesbarreto.com.br\/site\/#\/schema\/person\/5bea009e77796979c19941ebd38a4886"},"headline":"Situa\u00e7\u00e3o atual do EJA \u00e9 debatida durante Audi\u00eancia P\u00fablica comandada por Talles Barreto","datePublished":"2022-04-11T17:29:00+00:00","dateModified":"2022-04-18T13:32:41+00:00","mainEntityOfPage":{"@id":"https:\/\/tallesbarreto.com.br\/site\/index.php\/2022\/04\/11\/situacao-atual-do-eja-e-debatida-durante-audiencia-publica-comandada-por-talles-barreto\/"},"wordCount":430,"publisher":{"@id":"https:\/\/tallesbarreto.com.br\/site\/#organization"},"articleSection":["Saiu na M\u00eddia"],"inLanguage":"pt-BR"},{"@type":"Person","@id":"https:\/\/tallesbarreto.com.br\/site\/#\/schema\/person\/5bea009e77796979c19941ebd38a4886","name":"brunna","image":{"@type":"ImageObject","inLanguage":"pt-BR","@id":"https:\/\/tallesbarreto.com.br\/site\/#\/schema\/person\/image\/","url":"https:\/\/secure.gravatar.com\/avatar\/9f437887eff5a42295e1b9835aeb67b4?s=96&d=mm&r=g","contentUrl":"https:\/\/secure.gravatar.com\/avatar\/9f437887eff5a42295e1b9835aeb67b4?s=96&d=mm&r=g","caption":"brunna"},"url":"https:\/\/tallesbarreto.com.br\/site\/index.php\/author\/brunna\/"}]}},"jetpack_featured_media_url":"","_links":{"self":[{"href":"https:\/\/tallesbarreto.com.br\/site\/index.php\/wp-json\/wp\/v2\/posts\/1438"}],"collection":[{"href":"https:\/\/tallesbarreto.com.br\/site\/index.php\/wp-json\/wp\/v2\/posts"}],"about":[{"href":"https:\/\/tallesbarreto.com.br\/site\/index.php\/wp-json\/wp\/v2\/types\/post"}],"author":[{"embeddable":true,"href":"https:\/\/tallesbarreto.com.br\/site\/index.php\/wp-json\/wp\/v2\/users\/3"}],"replies":[{"embeddable":true,"href":"https:\/\/tallesbarreto.com.br\/site\/index.php\/wp-json\/wp\/v2\/comments?post=1438"}],"version-history":[{"count":1,"href":"https:\/\/tallesbarreto.com.br\/site\/index.php\/wp-json\/wp\/v2\/posts\/1438\/revisions"}],"predecessor-version":[{"id":1442,"href":"https:\/\/tallesbarreto.com.br\/site\/index.php\/wp-json\/wp\/v2\/posts\/1438\/revisions\/1442"}],"wp:attachment":[{"href":"https:\/\/tallesbarreto.com.br\/site\/index.php\/wp-json\/wp\/v2\/media?parent=1438"}],"wp:term":[{"taxonomy":"category","embeddable":true,"href":"https:\/\/tallesbarreto.com.br\/site\/index.php\/wp-json\/wp\/v2\/categories?post=1438"},{"taxonomy":"post_tag","embeddable":true,"href":"https:\/\/tallesbarreto.com.br\/site\/index.php\/wp-json\/wp\/v2\/tags?post=1438"}],"curies":[{"name":"wp","href":"https:\/\/api.w.org\/{rel}","templated":true}]}}