{"id":1086,"date":"2021-09-17T11:43:58","date_gmt":"2021-09-17T14:43:58","guid":{"rendered":"https:\/\/tallesbarreto.com.br\/site\/?p=1086"},"modified":"2022-02-21T14:41:48","modified_gmt":"2022-02-21T17:41:48","slug":"petrolina-recebe-veiculo-destinado-a-area-da-educacao-via-emenda-de-talles-barreto","status":"publish","type":"post","link":"https:\/\/tallesbarreto.com.br\/site\/index.php\/2021\/09\/17\/petrolina-recebe-veiculo-destinado-a-area-da-educacao-via-emenda-de-talles-barreto\/","title":{"rendered":"Petrolina recebe ve\u00edculo destinado \u00e0 \u00e1rea da educa\u00e7\u00e3o via emenda de Talles Barreto"},"content":{"rendered":"\n<p>Nesta quinta-feira (16), foi realizada a entrega de um ve\u00edculo 0km para a Secretaria de Educa\u00e7\u00e3o de Petrolina de Goi\u00e1s. O autom\u00f3vel foi adquirido via emenda de autoria de Talles Barreto e auxiliar\u00e1 nas demandas educacionais do munic\u00edpio.<\/p>\n\n\n\n<p>O deputado destaca, inclusive, a import\u00e2ncia de sua parceria com os vereadores Renato Ribeiro, Irai Ribeiro, Dejair do Beg e Dj Jack para continuar seu trabalho de colaborar com desenvolvimento de Petrolina e toda a sua popula\u00e7\u00e3o.<\/p>\n","protected":false},"excerpt":{"rendered":"<p>Nesta quinta-feira (16), foi realizada a entrega de um ve\u00edculo 0km para a Secretaria de Educa\u00e7\u00e3o de Petrolina de Goi\u00e1s. O autom\u00f3vel foi adquirido via emenda de autoria de Talles Barreto e auxiliar\u00e1 nas demandas educacionais do munic\u00edpio. O deputado destaca, inclusive, a import\u00e2ncia de sua parceria com os vereadores Renato Ribeiro, Irai Ribeiro, Dejair [&hellip;]<\/p>\n","protected":false},"author":2,"featured_media":0,"comment_status":"closed","ping_status":"open","sticky":false,"template":"","format":"standard","meta":{"spay_email":""},"categories":[12],"tags":[52,88],"yoast_head":"<!-- This site is optimized with the Yoast SEO plugin v19.4 - https:\/\/yoast.com\/wordpress\/plugins\/seo\/ -->\n<title>Petrolina recebe ve\u00edculo destinado \u00e0 \u00e1rea da educa\u00e7\u00e3o via emenda de Talles Barreto - Deputado Estadual Talles Barreto<\/title>\n<meta name=\"robots\" content=\"index, follow, max-snippet:-1, max-image-preview:large, max-video-preview:-1\" \/>\n<link rel=\"canonical\" href=\"https:\/\/tallesbarreto.com.br\/site\/index.php\/2021\/09\/17\/petrolina-recebe-veiculo-destinado-a-area-da-educacao-via-emenda-de-talles-barreto\/\" \/>\n<meta property=\"og:locale\" content=\"pt_BR\" \/>\n<meta property=\"og:type\" content=\"article\" \/>\n<meta property=\"og:title\" content=\"Petrolina recebe ve\u00edculo destinado \u00e0 \u00e1rea da educa\u00e7\u00e3o via emenda de Talles Barreto - Deputado Estadual Talles Barreto\" \/>\n<meta property=\"og:description\" content=\"Nesta quinta-feira (16), foi realizada a entrega de um ve\u00edculo 0km para a Secretaria de Educa\u00e7\u00e3o de Petrolina de Goi\u00e1s. O autom\u00f3vel foi adquirido via emenda de autoria de Talles Barreto e auxiliar\u00e1 nas demandas educacionais do munic\u00edpio. O deputado destaca, inclusive, a import\u00e2ncia de sua parceria com os vereadores Renato Ribeiro, Irai Ribeiro, Dejair [&hellip;]\" \/>\n<meta property=\"og:url\" content=\"https:\/\/tallesbarreto.com.br\/site\/index.php\/2021\/09\/17\/petrolina-recebe-veiculo-destinado-a-area-da-educacao-via-emenda-de-talles-barreto\/\" \/>\n<meta property=\"og:site_name\" content=\"Deputado Estadual Talles Barreto\" \/>\n<meta property=\"article:publisher\" content=\"https:\/\/www.facebook.com\/deputadotallesbarreto\/\" \/>\n<meta property=\"article:published_time\" content=\"2021-09-17T14:43:58+00:00\" \/>\n<meta property=\"article:modified_time\" content=\"2022-02-21T17:41:48+00:00\" \/>\n<meta name=\"author\" content=\"Kalyne\" \/>\n<meta name=\"twitter:card\" content=\"summary_large_image\" \/>\n<meta name=\"twitter:creator\" content=\"@talles_barreto\" \/>\n<meta name=\"twitter:site\" content=\"@talles_barreto\" \/>\n<meta name=\"twitter:label1\" content=\"Escrito por\" \/>\n\t<meta name=\"twitter:data1\" content=\"Kalyne\" \/>\n<script type=\"application\/ld+json\" class=\"yoast-schema-graph\">{\"@context\":\"https:\/\/schema.org\",\"@graph\":[{\"@type\":\"Organization\",\"@id\":\"https:\/\/tallesbarreto.com.br\/site\/#organization\",\"name\":\"Deputado Estadual Talles Barreto\",\"url\":\"https:\/\/tallesbarreto.com.br\/site\/\",\"sameAs\":[\"https:\/\/www.instagram.com\/deputadotallesbarreto\/\",\"https:\/\/www.facebook.com\/deputadotallesbarreto\/\",\"https:\/\/twitter.com\/talles_barreto\"],\"logo\":{\"@type\":\"ImageObject\",\"inLanguage\":\"pt-BR\",\"@id\":\"https:\/\/tallesbarreto.com.br\/site\/#\/schema\/logo\/image\/\",\"url\":\"https:\/\/tallesbarreto.com.br\/site\/wp-content\/uploads\/2019\/09\/logo-1.png\",\"contentUrl\":\"https:\/\/tallesbarreto.com.br\/site\/wp-content\/uploads\/2019\/09\/logo-1.png\",\"width\":2481,\"height\":1226,\"caption\":\"Deputado Estadual Talles Barreto\"},\"image\":{\"@id\":\"https:\/\/tallesbarreto.com.br\/site\/#\/schema\/logo\/image\/\"}},{\"@type\":\"WebSite\",\"@id\":\"https:\/\/tallesbarreto.com.br\/site\/#website\",\"url\":\"https:\/\/tallesbarreto.com.br\/site\/\",\"name\":\"Deputado Estadual Talles Barreto\",\"description\":\"\",\"publisher\":{\"@id\":\"https:\/\/tallesbarreto.com.br\/site\/#organization\"},\"potentialAction\":[{\"@type\":\"SearchAction\",\"target\":{\"@type\":\"EntryPoint\",\"urlTemplate\":\"https:\/\/tallesbarreto.com.br\/site\/?s={search_term_string}\"},\"query-input\":\"required name=search_term_string\"}],\"inLanguage\":\"pt-BR\"},{\"@type\":\"WebPage\",\"@id\":\"https:\/\/tallesbarreto.com.br\/site\/index.php\/2021\/09\/17\/petrolina-recebe-veiculo-destinado-a-area-da-educacao-via-emenda-de-talles-barreto\/\",\"url\":\"https:\/\/tallesbarreto.com.br\/site\/index.php\/2021\/09\/17\/petrolina-recebe-veiculo-destinado-a-area-da-educacao-via-emenda-de-talles-barreto\/\",\"name\":\"Petrolina recebe ve\u00edculo destinado \u00e0 \u00e1rea da educa\u00e7\u00e3o via emenda de Talles Barreto - Deputado Estadual Talles Barreto\",\"isPartOf\":{\"@id\":\"https:\/\/tallesbarreto.com.br\/site\/#website\"},\"datePublished\":\"2021-09-17T14:43:58+00:00\",\"dateModified\":\"2022-02-21T17:41:48+00:00\",\"breadcrumb\":{\"@id\":\"https:\/\/tallesbarreto.com.br\/site\/index.php\/2021\/09\/17\/petrolina-recebe-veiculo-destinado-a-area-da-educacao-via-emenda-de-talles-barreto\/#breadcrumb\"},\"inLanguage\":\"pt-BR\",\"potentialAction\":[{\"@type\":\"ReadAction\",\"target\":[\"https:\/\/tallesbarreto.com.br\/site\/index.php\/2021\/09\/17\/petrolina-recebe-veiculo-destinado-a-area-da-educacao-via-emenda-de-talles-barreto\/\"]}]},{\"@type\":\"BreadcrumbList\",\"@id\":\"https:\/\/tallesbarreto.com.br\/site\/index.php\/2021\/09\/17\/petrolina-recebe-veiculo-destinado-a-area-da-educacao-via-emenda-de-talles-barreto\/#breadcrumb\",\"itemListElement\":[{\"@type\":\"ListItem\",\"position\":1,\"name\":\"In\u00edcio\",\"item\":\"https:\/\/tallesbarreto.com.br\/site\/\"},{\"@type\":\"ListItem\",\"position\":2,\"name\":\"Petrolina recebe ve\u00edculo destinado \u00e0 \u00e1rea da educa\u00e7\u00e3o via emenda de Talles Barreto\"}]},{\"@type\":\"Article\",\"@id\":\"https:\/\/tallesbarreto.com.br\/site\/index.php\/2021\/09\/17\/petrolina-recebe-veiculo-destinado-a-area-da-educacao-via-emenda-de-talles-barreto\/#article\",\"isPartOf\":{\"@id\":\"https:\/\/tallesbarreto.com.br\/site\/index.php\/2021\/09\/17\/petrolina-recebe-veiculo-destinado-a-area-da-educacao-via-emenda-de-talles-barreto\/\"},\"author\":{\"name\":\"Kalyne\",\"@id\":\"https:\/\/tallesbarreto.com.br\/site\/#\/schema\/person\/08698d395aa7a8439c3bb01a0a8760e1\"},\"headline\":\"Petrolina recebe ve\u00edculo destinado \u00e0 \u00e1rea da educa\u00e7\u00e3o via emenda de Talles Barreto\",\"datePublished\":\"2021-09-17T14:43:58+00:00\",\"dateModified\":\"2022-02-21T17:41:48+00:00\",\"mainEntityOfPage\":{\"@id\":\"https:\/\/tallesbarreto.com.br\/site\/index.php\/2021\/09\/17\/petrolina-recebe-veiculo-destinado-a-area-da-educacao-via-emenda-de-talles-barreto\/\"},\"wordCount\":95,\"publisher\":{\"@id\":\"https:\/\/tallesbarreto.com.br\/site\/#organization\"},\"keywords\":[\"Educa\u00e7\u00e3o\",\"Petrolina\"],\"articleSection\":[\"Saiu na M\u00eddia\"],\"inLanguage\":\"pt-BR\"},{\"@type\":\"Person\",\"@id\":\"https:\/\/tallesbarreto.com.br\/site\/#\/schema\/person\/08698d395aa7a8439c3bb01a0a8760e1\",\"name\":\"Kalyne\",\"image\":{\"@type\":\"ImageObject\",\"inLanguage\":\"pt-BR\",\"@id\":\"https:\/\/tallesbarreto.com.br\/site\/#\/schema\/person\/image\/\",\"url\":\"https:\/\/secure.gravatar.com\/avatar\/f78d10267c83158259bb34b9013d81c5?s=96&d=mm&r=g\",\"contentUrl\":\"https:\/\/secure.gravatar.com\/avatar\/f78d10267c83158259bb34b9013d81c5?s=96&d=mm&r=g\",\"caption\":\"Kalyne\"},\"url\":\"https:\/\/tallesbarreto.com.br\/site\/index.php\/author\/kalyne\/\"}]}<\/script>\n<!-- \/ Yoast SEO plugin. -->","yoast_head_json":{"title":"Petrolina recebe ve\u00edculo destinado \u00e0 \u00e1rea da educa\u00e7\u00e3o via emenda de Talles Barreto - Deputado Estadual Talles Barreto","robots":{"index":"index","follow":"follow","max-snippet":"max-snippet:-1","max-image-preview":"max-image-preview:large","max-video-preview":"max-video-preview:-1"},"canonical":"https:\/\/tallesbarreto.com.br\/site\/index.php\/2021\/09\/17\/petrolina-recebe-veiculo-destinado-a-area-da-educacao-via-emenda-de-talles-barreto\/","og_locale":"pt_BR","og_type":"article","og_title":"Petrolina recebe ve\u00edculo destinado \u00e0 \u00e1rea da educa\u00e7\u00e3o via emenda de Talles Barreto - Deputado Estadual Talles Barreto","og_description":"Nesta quinta-feira (16), foi realizada a entrega de um ve\u00edculo 0km para a Secretaria de Educa\u00e7\u00e3o de Petrolina de Goi\u00e1s. O autom\u00f3vel foi adquirido via emenda de autoria de Talles Barreto e auxiliar\u00e1 nas demandas educacionais do munic\u00edpio. O deputado destaca, inclusive, a import\u00e2ncia de sua parceria com os vereadores Renato Ribeiro, Irai Ribeiro, Dejair [&hellip;]","og_url":"https:\/\/tallesbarreto.com.br\/site\/index.php\/2021\/09\/17\/petrolina-recebe-veiculo-destinado-a-area-da-educacao-via-emenda-de-talles-barreto\/","og_site_name":"Deputado Estadual Talles Barreto","article_publisher":"https:\/\/www.facebook.com\/deputadotallesbarreto\/","article_published_time":"2021-09-17T14:43:58+00:00","article_modified_time":"2022-02-21T17:41:48+00:00","author":"Kalyne","twitter_card":"summary_large_image","twitter_creator":"@talles_barreto","twitter_site":"@talles_barreto","twitter_misc":{"Escrito por":"Kalyne"},"schema":{"@context":"https:\/\/schema.org","@graph":[{"@type":"Organization","@id":"https:\/\/tallesbarreto.com.br\/site\/#organization","name":"Deputado Estadual Talles Barreto","url":"https:\/\/tallesbarreto.com.br\/site\/","sameAs":["https:\/\/www.instagram.com\/deputadotallesbarreto\/","https:\/\/www.facebook.com\/deputadotallesbarreto\/","https:\/\/twitter.com\/talles_barreto"],"logo":{"@type":"ImageObject","inLanguage":"pt-BR","@id":"https:\/\/tallesbarreto.com.br\/site\/#\/schema\/logo\/image\/","url":"https:\/\/tallesbarreto.com.br\/site\/wp-content\/uploads\/2019\/09\/logo-1.png","contentUrl":"https:\/\/tallesbarreto.com.br\/site\/wp-content\/uploads\/2019\/09\/logo-1.png","width":2481,"height":1226,"caption":"Deputado Estadual Talles Barreto"},"image":{"@id":"https:\/\/tallesbarreto.com.br\/site\/#\/schema\/logo\/image\/"}},{"@type":"WebSite","@id":"https:\/\/tallesbarreto.com.br\/site\/#website","url":"https:\/\/tallesbarreto.com.br\/site\/","name":"Deputado Estadual Talles Barreto","description":"","publisher":{"@id":"https:\/\/tallesbarreto.com.br\/site\/#organization"},"potentialAction":[{"@type":"SearchAction","target":{"@type":"EntryPoint","urlTemplate":"https:\/\/tallesbarreto.com.br\/site\/?s={search_term_string}"},"query-input":"required name=search_term_string"}],"inLanguage":"pt-BR"},{"@type":"WebPage","@id":"https:\/\/tallesbarreto.com.br\/site\/index.php\/2021\/09\/17\/petrolina-recebe-veiculo-destinado-a-area-da-educacao-via-emenda-de-talles-barreto\/","url":"https:\/\/tallesbarreto.com.br\/site\/index.php\/2021\/09\/17\/petrolina-recebe-veiculo-destinado-a-area-da-educacao-via-emenda-de-talles-barreto\/","name":"Petrolina recebe ve\u00edculo destinado \u00e0 \u00e1rea da educa\u00e7\u00e3o via emenda de Talles Barreto - Deputado Estadual Talles Barreto","isPartOf":{"@id":"https:\/\/tallesbarreto.com.br\/site\/#website"},"datePublished":"2021-09-17T14:43:58+00:00","dateModified":"2022-02-21T17:41:48+00:00","breadcrumb":{"@id":"https:\/\/tallesbarreto.com.br\/site\/index.php\/2021\/09\/17\/petrolina-recebe-veiculo-destinado-a-area-da-educacao-via-emenda-de-talles-barreto\/#breadcrumb"},"inLanguage":"pt-BR","potentialAction":[{"@type":"ReadAction","target":["https:\/\/tallesbarreto.com.br\/site\/index.php\/2021\/09\/17\/petrolina-recebe-veiculo-destinado-a-area-da-educacao-via-emenda-de-talles-barreto\/"]}]},{"@type":"BreadcrumbList","@id":"https:\/\/tallesbarreto.com.br\/site\/index.php\/2021\/09\/17\/petrolina-recebe-veiculo-destinado-a-area-da-educacao-via-emenda-de-talles-barreto\/#breadcrumb","itemListElement":[{"@type":"ListItem","position":1,"name":"In\u00edcio","item":"https:\/\/tallesbarreto.com.br\/site\/"},{"@type":"ListItem","position":2,"name":"Petrolina recebe ve\u00edculo destinado \u00e0 \u00e1rea da educa\u00e7\u00e3o via emenda de Talles Barreto"}]},{"@type":"Article","@id":"https:\/\/tallesbarreto.com.br\/site\/index.php\/2021\/09\/17\/petrolina-recebe-veiculo-destinado-a-area-da-educacao-via-emenda-de-talles-barreto\/#article","isPartOf":{"@id":"https:\/\/tallesbarreto.com.br\/site\/index.php\/2021\/09\/17\/petrolina-recebe-veiculo-destinado-a-area-da-educacao-via-emenda-de-talles-barreto\/"},"author":{"name":"Kalyne","@id":"https:\/\/tallesbarreto.com.br\/site\/#\/schema\/person\/08698d395aa7a8439c3bb01a0a8760e1"},"headline":"Petrolina recebe ve\u00edculo destinado \u00e0 \u00e1rea da educa\u00e7\u00e3o via emenda de Talles Barreto","datePublished":"2021-09-17T14:43:58+00:00","dateModified":"2022-02-21T17:41:48+00:00","mainEntityOfPage":{"@id":"https:\/\/tallesbarreto.com.br\/site\/index.php\/2021\/09\/17\/petrolina-recebe-veiculo-destinado-a-area-da-educacao-via-emenda-de-talles-barreto\/"},"wordCount":95,"publisher":{"@id":"https:\/\/tallesbarreto.com.br\/site\/#organization"},"keywords":["Educa\u00e7\u00e3o","Petrolina"],"articleSection":["Saiu na M\u00eddia"],"inLanguage":"pt-BR"},{"@type":"Person","@id":"https:\/\/tallesbarreto.com.br\/site\/#\/schema\/person\/08698d395aa7a8439c3bb01a0a8760e1","name":"Kalyne","image":{"@type":"ImageObject","inLanguage":"pt-BR","@id":"https:\/\/tallesbarreto.com.br\/site\/#\/schema\/person\/image\/","url":"https:\/\/secure.gravatar.com\/avatar\/f78d10267c83158259bb34b9013d81c5?s=96&d=mm&r=g","contentUrl":"https:\/\/secure.gravatar.com\/avatar\/f78d10267c83158259bb34b9013d81c5?s=96&d=mm&r=g","caption":"Kalyne"},"url":"https:\/\/tallesbarreto.com.br\/site\/index.php\/author\/kalyne\/"}]}},"jetpack_featured_media_url":"","_links":{"self":[{"href":"https:\/\/tallesbarreto.com.br\/site\/index.php\/wp-json\/wp\/v2\/posts\/1086"}],"collection":[{"href":"https:\/\/tallesbarreto.com.br\/site\/index.php\/wp-json\/wp\/v2\/posts"}],"about":[{"href":"https:\/\/tallesbarreto.com.br\/site\/index.php\/wp-json\/wp\/v2\/types\/post"}],"author":[{"embeddable":true,"href":"https:\/\/tallesbarreto.com.br\/site\/index.php\/wp-json\/wp\/v2\/users\/2"}],"replies":[{"embeddable":true,"href":"https:\/\/tallesbarreto.com.br\/site\/index.php\/wp-json\/wp\/v2\/comments?post=1086"}],"version-history":[{"count":2,"href":"https:\/\/tallesbarreto.com.br\/site\/index.php\/wp-json\/wp\/v2\/posts\/1086\/revisions"}],"predecessor-version":[{"id":1157,"href":"https:\/\/tallesbarreto.com.br\/site\/index.php\/wp-json\/wp\/v2\/posts\/1086\/revisions\/1157"}],"wp:attachment":[{"href":"https:\/\/tallesbarreto.com.br\/site\/index.php\/wp-json\/wp\/v2\/media?parent=1086"}],"wp:term":[{"taxonomy":"category","embeddable":true,"href":"https:\/\/tallesbarreto.com.br\/site\/index.php\/wp-json\/wp\/v2\/categories?post=1086"},{"taxonomy":"post_tag","embeddable":true,"href":"https:\/\/tallesbarreto.com.br\/site\/index.php\/wp-json\/wp\/v2\/tags?post=1086"}],"curies":[{"name":"wp","href":"https:\/\/api.w.org\/{rel}","templated":true}]}}