{"id":1004,"date":"2021-06-08T16:43:37","date_gmt":"2021-06-08T19:43:37","guid":{"rendered":"https:\/\/tallesbarreto.com.br\/site\/?p=1004"},"modified":"2021-06-08T17:03:42","modified_gmt":"2021-06-08T20:03:42","slug":"talles-barreto-apresenta-relatorio-pela-rejeicao-de-pec-que-defende-extincao-do-tcm","status":"publish","type":"post","link":"https:\/\/tallesbarreto.com.br\/site\/index.php\/2021\/06\/08\/talles-barreto-apresenta-relatorio-pela-rejeicao-de-pec-que-defende-extincao-do-tcm\/","title":{"rendered":"Talles Barreto apresenta relat\u00f3rio pela rejei\u00e7\u00e3o de PEC que defende Extin\u00e7\u00e3o do TCM"},"content":{"rendered":"\n<figure class=\"wp-block-image\"><img loading=\"lazy\" width=\"1280\" height=\"854\" src=\"https:\/\/i1.wp.com\/tallesbarreto.com.br\/site\/wp-content\/uploads\/2021\/06\/Valdir-Ara\u00fajo-17-1.jpg?fit=648%2C432&amp;ssl=1\" alt=\"\" class=\"wp-image-1006\" srcset=\"https:\/\/i0.wp.com\/tallesbarreto.com.br\/site\/wp-content\/uploads\/2021\/06\/Valdir-Ara\u00fajo-17-1.jpg?w=1280&amp;ssl=1 1280w, https:\/\/i0.wp.com\/tallesbarreto.com.br\/site\/wp-content\/uploads\/2021\/06\/Valdir-Ara\u00fajo-17-1.jpg?resize=300%2C200&amp;ssl=1 300w, https:\/\/i0.wp.com\/tallesbarreto.com.br\/site\/wp-content\/uploads\/2021\/06\/Valdir-Ara\u00fajo-17-1.jpg?resize=768%2C512&amp;ssl=1 768w, https:\/\/i0.wp.com\/tallesbarreto.com.br\/site\/wp-content\/uploads\/2021\/06\/Valdir-Ara\u00fajo-17-1.jpg?resize=1024%2C683&amp;ssl=1 1024w\" sizes=\"(max-width: 648px) 100vw, 648px\" \/><figcaption>Relat\u00f3rio de Talles Barreto \u00e9 pelo arquivamento da mat\u00e9ria<\/figcaption><\/figure>\n\n\n\n<p>O\ndeputado estadual Talles Barreto entregou relat\u00f3rio pela rejei\u00e7\u00e3o da Proposta\nde Emenda Constitucional (PEC) que defende a Extin\u00e7\u00e3o do Tribunal de Contas dos\nMunic\u00edpios (TCM) em tramita\u00e7\u00e3o na Assembleia Legislativa do Estado de Goi\u00e1s\n(Alego). Um dos pontos defendidos pela PEC, apresentada pelo deputado estadual\nHenrique Arantes, seria a economia gerada aos cofres goianos atrav\u00e9s da\nextin\u00e7\u00e3o do \u00f3rg\u00e3o. <\/p>\n\n\n\n<p>Talles\nBarreto destacou que, ao contr\u00e1rio do que \u00e9 apresentado em uma das justificativas\nda PEC, a propositura n\u00e3o resultar\u00e1 em redu\u00e7\u00e3o de despesas. A PEC prop\u00f5e a\nextin\u00e7\u00e3o de todos os cargos em comiss\u00e3o do TCM, a integra\u00e7\u00e3o dos servidores\ninativos e pensionistas ao quadro de inativos do Tribunal de Contas do Estado de\nGoi\u00e1s (TCE-GO) e lota\u00e7\u00e3o dos servidores oriundos do TCM nos quadros e setores\ninternos daquele \u00f3rg\u00e3o. <\/p>\n\n\n\n<p>Segundo\ndemonstrativo de despesa com pessoal apresentado pelo tribunal ao relator, a\nincorpora\u00e7\u00e3o pelo TCE, de servidores egressos do TCM entre ativos, inativos e\npensionistas elevaria o \u00edndice de despesas com pessoal para 1,54%, extrapolando\no limite m\u00e1ximo proposto de 1,47%. \u201cO limite de despesa de pessoal do TCE seria\nultrapassado, ocasionando restri\u00e7\u00f5es or\u00e7ament\u00e1rias e comprometimento da\nqualidade dos servi\u00e7os de controle externo\u201d, pontuou.<\/p>\n\n\n\n<p>Para\nTalles, \u201c[a extin\u00e7\u00e3o] promove mera realoca\u00e7\u00e3o or\u00e7ament\u00e1ria entre \u00f3rg\u00e3os\nestaduais. Pode-se afirmar, ainda, com seguran\u00e7a, que a medida acabar\u00e1 por\ntrazer aumento na despesa total com pessoal, considerando a necessidade do TCE teria\nao promover a reorganiza\u00e7\u00e3o interna, adapta\u00e7\u00e3o administrativo e de pessoal para\nreceber os processos que se encontravam em tramita\u00e7\u00e3o no TCM\u201d. &nbsp;<\/p>\n\n\n\n<p>Durante\nelabora\u00e7\u00e3o do parecer, o parlamentar esteve com representantes de \u00f3rg\u00e3os e\nentidades relacionadas ao trabalho desempenhado pelo TCM, como a Associa\u00e7\u00e3o\nGoiana dos Munic\u00edpios (AGM), Federa\u00e7\u00e3o Goiana dos Munic\u00edpios, (FGM), Ordem dos\nAdvogados no Brasil (OAB-GO) para discuss\u00e3o da mat\u00e9ria e constru\u00e7\u00e3o de um\nrelat\u00f3rio, segundo ele, \u201cponderado e contundente tendo posicionamento de forma\nun\u00e2nime de apoio e de defesa da preserva\u00e7\u00e3o e da n\u00e3o extin\u00e7\u00e3o do Tribunal de Contas\ndos Munic\u00edpios do Estado de Goi\u00e1s\u201d.<\/p>\n\n\n\n<p>O\ntucano apresentou, tamb\u00e9m, informa\u00e7\u00f5es do TCM com dados e estat\u00edsticas do\ntrabalho realizado por seus servidores aos munic\u00edpios goianos. \u201cTraduzindo em\nn\u00fameros, o TCM representou para o Estado de Goi\u00e1s, em 2020, mais de 9 mil de processos\napreciados e\/ou julgado e mais de 2 mil unidades fiscalizadas. Exercitando a\nfiscaliza\u00e7\u00e3o, o TCM identificou desvios causadores de danos e imputou, d\u00e9bitos\ne multas por desvios de conduta\u201d, frisou. De acordo com Talles, \u201cs\u00e3o n\u00fameros que\nexpressam a efici\u00eancia, efic\u00e1cia e efetividade do \u00f3rg\u00e3o\u201d. <\/p>\n","protected":false},"excerpt":{"rendered":"<p>O deputado estadual Talles Barreto entregou relat\u00f3rio pela rejei\u00e7\u00e3o da Proposta de Emenda Constitucional (PEC) que defende a Extin\u00e7\u00e3o do Tribunal de Contas dos Munic\u00edpios (TCM) em tramita\u00e7\u00e3o na Assembleia Legislativa do Estado de Goi\u00e1s (Alego). Um dos pontos defendidos pela PEC, apresentada pelo deputado estadual Henrique Arantes, seria a economia gerada aos cofres goianos [&hellip;]<\/p>\n","protected":false},"author":3,"featured_media":0,"comment_status":"closed","ping_status":"open","sticky":false,"template":"","format":"standard","meta":{"spay_email":""},"categories":[11,66,12],"tags":[],"yoast_head":"<!-- This site is optimized with the Yoast SEO plugin v19.4 - https:\/\/yoast.com\/wordpress\/plugins\/seo\/ -->\n<title>Talles Barreto apresenta relat\u00f3rio pela rejei\u00e7\u00e3o de PEC que defende Extin\u00e7\u00e3o do TCM - Deputado Estadual Talles Barreto<\/title>\n<meta name=\"robots\" content=\"index, follow, max-snippet:-1, max-image-preview:large, max-video-preview:-1\" \/>\n<link rel=\"canonical\" href=\"https:\/\/tallesbarreto.com.br\/site\/index.php\/2021\/06\/08\/talles-barreto-apresenta-relatorio-pela-rejeicao-de-pec-que-defende-extincao-do-tcm\/\" \/>\n<meta property=\"og:locale\" content=\"pt_BR\" \/>\n<meta property=\"og:type\" content=\"article\" \/>\n<meta property=\"og:title\" content=\"Talles Barreto apresenta relat\u00f3rio pela rejei\u00e7\u00e3o de PEC que defende Extin\u00e7\u00e3o do TCM - Deputado Estadual Talles Barreto\" \/>\n<meta property=\"og:description\" content=\"O deputado estadual Talles Barreto entregou relat\u00f3rio pela rejei\u00e7\u00e3o da Proposta de Emenda Constitucional (PEC) que defende a Extin\u00e7\u00e3o do Tribunal de Contas dos Munic\u00edpios (TCM) em tramita\u00e7\u00e3o na Assembleia Legislativa do Estado de Goi\u00e1s (Alego). Um dos pontos defendidos pela PEC, apresentada pelo deputado estadual Henrique Arantes, seria a economia gerada aos cofres goianos [&hellip;]\" \/>\n<meta property=\"og:url\" content=\"https:\/\/tallesbarreto.com.br\/site\/index.php\/2021\/06\/08\/talles-barreto-apresenta-relatorio-pela-rejeicao-de-pec-que-defende-extincao-do-tcm\/\" \/>\n<meta property=\"og:site_name\" content=\"Deputado Estadual Talles Barreto\" \/>\n<meta property=\"article:publisher\" content=\"https:\/\/www.facebook.com\/deputadotallesbarreto\/\" \/>\n<meta property=\"article:published_time\" content=\"2021-06-08T19:43:37+00:00\" \/>\n<meta property=\"article:modified_time\" content=\"2021-06-08T20:03:42+00:00\" \/>\n<meta name=\"author\" content=\"brunna\" \/>\n<meta name=\"twitter:card\" content=\"summary_large_image\" \/>\n<meta name=\"twitter:creator\" content=\"@talles_barreto\" \/>\n<meta name=\"twitter:site\" content=\"@talles_barreto\" \/>\n<meta name=\"twitter:label1\" content=\"Escrito por\" \/>\n\t<meta name=\"twitter:data1\" content=\"brunna\" \/>\n\t<meta name=\"twitter:label2\" content=\"Est. tempo de leitura\" \/>\n\t<meta name=\"twitter:data2\" content=\"2 minutos\" \/>\n<script type=\"application\/ld+json\" class=\"yoast-schema-graph\">{\"@context\":\"https:\/\/schema.org\",\"@graph\":[{\"@type\":\"Organization\",\"@id\":\"https:\/\/tallesbarreto.com.br\/site\/#organization\",\"name\":\"Deputado Estadual Talles Barreto\",\"url\":\"https:\/\/tallesbarreto.com.br\/site\/\",\"sameAs\":[\"https:\/\/www.instagram.com\/deputadotallesbarreto\/\",\"https:\/\/www.facebook.com\/deputadotallesbarreto\/\",\"https:\/\/twitter.com\/talles_barreto\"],\"logo\":{\"@type\":\"ImageObject\",\"inLanguage\":\"pt-BR\",\"@id\":\"https:\/\/tallesbarreto.com.br\/site\/#\/schema\/logo\/image\/\",\"url\":\"https:\/\/tallesbarreto.com.br\/site\/wp-content\/uploads\/2019\/09\/logo-1.png\",\"contentUrl\":\"https:\/\/tallesbarreto.com.br\/site\/wp-content\/uploads\/2019\/09\/logo-1.png\",\"width\":2481,\"height\":1226,\"caption\":\"Deputado Estadual Talles Barreto\"},\"image\":{\"@id\":\"https:\/\/tallesbarreto.com.br\/site\/#\/schema\/logo\/image\/\"}},{\"@type\":\"WebSite\",\"@id\":\"https:\/\/tallesbarreto.com.br\/site\/#website\",\"url\":\"https:\/\/tallesbarreto.com.br\/site\/\",\"name\":\"Deputado Estadual Talles Barreto\",\"description\":\"\",\"publisher\":{\"@id\":\"https:\/\/tallesbarreto.com.br\/site\/#organization\"},\"potentialAction\":[{\"@type\":\"SearchAction\",\"target\":{\"@type\":\"EntryPoint\",\"urlTemplate\":\"https:\/\/tallesbarreto.com.br\/site\/?s={search_term_string}\"},\"query-input\":\"required name=search_term_string\"}],\"inLanguage\":\"pt-BR\"},{\"@type\":\"WebPage\",\"@id\":\"https:\/\/tallesbarreto.com.br\/site\/index.php\/2021\/06\/08\/talles-barreto-apresenta-relatorio-pela-rejeicao-de-pec-que-defende-extincao-do-tcm\/\",\"url\":\"https:\/\/tallesbarreto.com.br\/site\/index.php\/2021\/06\/08\/talles-barreto-apresenta-relatorio-pela-rejeicao-de-pec-que-defende-extincao-do-tcm\/\",\"name\":\"Talles Barreto apresenta relat\u00f3rio pela rejei\u00e7\u00e3o de PEC que defende Extin\u00e7\u00e3o do TCM - Deputado Estadual Talles Barreto\",\"isPartOf\":{\"@id\":\"https:\/\/tallesbarreto.com.br\/site\/#website\"},\"datePublished\":\"2021-06-08T19:43:37+00:00\",\"dateModified\":\"2021-06-08T20:03:42+00:00\",\"breadcrumb\":{\"@id\":\"https:\/\/tallesbarreto.com.br\/site\/index.php\/2021\/06\/08\/talles-barreto-apresenta-relatorio-pela-rejeicao-de-pec-que-defende-extincao-do-tcm\/#breadcrumb\"},\"inLanguage\":\"pt-BR\",\"potentialAction\":[{\"@type\":\"ReadAction\",\"target\":[\"https:\/\/tallesbarreto.com.br\/site\/index.php\/2021\/06\/08\/talles-barreto-apresenta-relatorio-pela-rejeicao-de-pec-que-defende-extincao-do-tcm\/\"]}]},{\"@type\":\"BreadcrumbList\",\"@id\":\"https:\/\/tallesbarreto.com.br\/site\/index.php\/2021\/06\/08\/talles-barreto-apresenta-relatorio-pela-rejeicao-de-pec-que-defende-extincao-do-tcm\/#breadcrumb\",\"itemListElement\":[{\"@type\":\"ListItem\",\"position\":1,\"name\":\"In\u00edcio\",\"item\":\"https:\/\/tallesbarreto.com.br\/site\/\"},{\"@type\":\"ListItem\",\"position\":2,\"name\":\"Talles Barreto apresenta relat\u00f3rio pela rejei\u00e7\u00e3o de PEC que defende Extin\u00e7\u00e3o do TCM\"}]},{\"@type\":\"Article\",\"@id\":\"https:\/\/tallesbarreto.com.br\/site\/index.php\/2021\/06\/08\/talles-barreto-apresenta-relatorio-pela-rejeicao-de-pec-que-defende-extincao-do-tcm\/#article\",\"isPartOf\":{\"@id\":\"https:\/\/tallesbarreto.com.br\/site\/index.php\/2021\/06\/08\/talles-barreto-apresenta-relatorio-pela-rejeicao-de-pec-que-defende-extincao-do-tcm\/\"},\"author\":{\"name\":\"brunna\",\"@id\":\"https:\/\/tallesbarreto.com.br\/site\/#\/schema\/person\/5bea009e77796979c19941ebd38a4886\"},\"headline\":\"Talles Barreto apresenta relat\u00f3rio pela rejei\u00e7\u00e3o de PEC que defende Extin\u00e7\u00e3o do TCM\",\"datePublished\":\"2021-06-08T19:43:37+00:00\",\"dateModified\":\"2021-06-08T20:03:42+00:00\",\"mainEntityOfPage\":{\"@id\":\"https:\/\/tallesbarreto.com.br\/site\/index.php\/2021\/06\/08\/talles-barreto-apresenta-relatorio-pela-rejeicao-de-pec-que-defende-extincao-do-tcm\/\"},\"wordCount\":496,\"publisher\":{\"@id\":\"https:\/\/tallesbarreto.com.br\/site\/#organization\"},\"articleSection\":[\"Em Destaque\",\"Imprensa\",\"Saiu na M\u00eddia\"],\"inLanguage\":\"pt-BR\"},{\"@type\":\"Person\",\"@id\":\"https:\/\/tallesbarreto.com.br\/site\/#\/schema\/person\/5bea009e77796979c19941ebd38a4886\",\"name\":\"brunna\",\"image\":{\"@type\":\"ImageObject\",\"inLanguage\":\"pt-BR\",\"@id\":\"https:\/\/tallesbarreto.com.br\/site\/#\/schema\/person\/image\/\",\"url\":\"https:\/\/secure.gravatar.com\/avatar\/9f437887eff5a42295e1b9835aeb67b4?s=96&d=mm&r=g\",\"contentUrl\":\"https:\/\/secure.gravatar.com\/avatar\/9f437887eff5a42295e1b9835aeb67b4?s=96&d=mm&r=g\",\"caption\":\"brunna\"},\"url\":\"https:\/\/tallesbarreto.com.br\/site\/index.php\/author\/brunna\/\"}]}<\/script>\n<!-- \/ Yoast SEO plugin. -->","yoast_head_json":{"title":"Talles Barreto apresenta relat\u00f3rio pela rejei\u00e7\u00e3o de PEC que defende Extin\u00e7\u00e3o do TCM - Deputado Estadual Talles Barreto","robots":{"index":"index","follow":"follow","max-snippet":"max-snippet:-1","max-image-preview":"max-image-preview:large","max-video-preview":"max-video-preview:-1"},"canonical":"https:\/\/tallesbarreto.com.br\/site\/index.php\/2021\/06\/08\/talles-barreto-apresenta-relatorio-pela-rejeicao-de-pec-que-defende-extincao-do-tcm\/","og_locale":"pt_BR","og_type":"article","og_title":"Talles Barreto apresenta relat\u00f3rio pela rejei\u00e7\u00e3o de PEC que defende Extin\u00e7\u00e3o do TCM - Deputado Estadual Talles Barreto","og_description":"O deputado estadual Talles Barreto entregou relat\u00f3rio pela rejei\u00e7\u00e3o da Proposta de Emenda Constitucional (PEC) que defende a Extin\u00e7\u00e3o do Tribunal de Contas dos Munic\u00edpios (TCM) em tramita\u00e7\u00e3o na Assembleia Legislativa do Estado de Goi\u00e1s (Alego). Um dos pontos defendidos pela PEC, apresentada pelo deputado estadual Henrique Arantes, seria a economia gerada aos cofres goianos [&hellip;]","og_url":"https:\/\/tallesbarreto.com.br\/site\/index.php\/2021\/06\/08\/talles-barreto-apresenta-relatorio-pela-rejeicao-de-pec-que-defende-extincao-do-tcm\/","og_site_name":"Deputado Estadual Talles Barreto","article_publisher":"https:\/\/www.facebook.com\/deputadotallesbarreto\/","article_published_time":"2021-06-08T19:43:37+00:00","article_modified_time":"2021-06-08T20:03:42+00:00","author":"brunna","twitter_card":"summary_large_image","twitter_creator":"@talles_barreto","twitter_site":"@talles_barreto","twitter_misc":{"Escrito por":"brunna","Est. tempo de leitura":"2 minutos"},"schema":{"@context":"https:\/\/schema.org","@graph":[{"@type":"Organization","@id":"https:\/\/tallesbarreto.com.br\/site\/#organization","name":"Deputado Estadual Talles Barreto","url":"https:\/\/tallesbarreto.com.br\/site\/","sameAs":["https:\/\/www.instagram.com\/deputadotallesbarreto\/","https:\/\/www.facebook.com\/deputadotallesbarreto\/","https:\/\/twitter.com\/talles_barreto"],"logo":{"@type":"ImageObject","inLanguage":"pt-BR","@id":"https:\/\/tallesbarreto.com.br\/site\/#\/schema\/logo\/image\/","url":"https:\/\/tallesbarreto.com.br\/site\/wp-content\/uploads\/2019\/09\/logo-1.png","contentUrl":"https:\/\/tallesbarreto.com.br\/site\/wp-content\/uploads\/2019\/09\/logo-1.png","width":2481,"height":1226,"caption":"Deputado Estadual Talles Barreto"},"image":{"@id":"https:\/\/tallesbarreto.com.br\/site\/#\/schema\/logo\/image\/"}},{"@type":"WebSite","@id":"https:\/\/tallesbarreto.com.br\/site\/#website","url":"https:\/\/tallesbarreto.com.br\/site\/","name":"Deputado Estadual Talles Barreto","description":"","publisher":{"@id":"https:\/\/tallesbarreto.com.br\/site\/#organization"},"potentialAction":[{"@type":"SearchAction","target":{"@type":"EntryPoint","urlTemplate":"https:\/\/tallesbarreto.com.br\/site\/?s={search_term_string}"},"query-input":"required name=search_term_string"}],"inLanguage":"pt-BR"},{"@type":"WebPage","@id":"https:\/\/tallesbarreto.com.br\/site\/index.php\/2021\/06\/08\/talles-barreto-apresenta-relatorio-pela-rejeicao-de-pec-que-defende-extincao-do-tcm\/","url":"https:\/\/tallesbarreto.com.br\/site\/index.php\/2021\/06\/08\/talles-barreto-apresenta-relatorio-pela-rejeicao-de-pec-que-defende-extincao-do-tcm\/","name":"Talles Barreto apresenta relat\u00f3rio pela rejei\u00e7\u00e3o de PEC que defende Extin\u00e7\u00e3o do TCM - Deputado Estadual Talles Barreto","isPartOf":{"@id":"https:\/\/tallesbarreto.com.br\/site\/#website"},"datePublished":"2021-06-08T19:43:37+00:00","dateModified":"2021-06-08T20:03:42+00:00","breadcrumb":{"@id":"https:\/\/tallesbarreto.com.br\/site\/index.php\/2021\/06\/08\/talles-barreto-apresenta-relatorio-pela-rejeicao-de-pec-que-defende-extincao-do-tcm\/#breadcrumb"},"inLanguage":"pt-BR","potentialAction":[{"@type":"ReadAction","target":["https:\/\/tallesbarreto.com.br\/site\/index.php\/2021\/06\/08\/talles-barreto-apresenta-relatorio-pela-rejeicao-de-pec-que-defende-extincao-do-tcm\/"]}]},{"@type":"BreadcrumbList","@id":"https:\/\/tallesbarreto.com.br\/site\/index.php\/2021\/06\/08\/talles-barreto-apresenta-relatorio-pela-rejeicao-de-pec-que-defende-extincao-do-tcm\/#breadcrumb","itemListElement":[{"@type":"ListItem","position":1,"name":"In\u00edcio","item":"https:\/\/tallesbarreto.com.br\/site\/"},{"@type":"ListItem","position":2,"name":"Talles Barreto apresenta relat\u00f3rio pela rejei\u00e7\u00e3o de PEC que defende Extin\u00e7\u00e3o do TCM"}]},{"@type":"Article","@id":"https:\/\/tallesbarreto.com.br\/site\/index.php\/2021\/06\/08\/talles-barreto-apresenta-relatorio-pela-rejeicao-de-pec-que-defende-extincao-do-tcm\/#article","isPartOf":{"@id":"https:\/\/tallesbarreto.com.br\/site\/index.php\/2021\/06\/08\/talles-barreto-apresenta-relatorio-pela-rejeicao-de-pec-que-defende-extincao-do-tcm\/"},"author":{"name":"brunna","@id":"https:\/\/tallesbarreto.com.br\/site\/#\/schema\/person\/5bea009e77796979c19941ebd38a4886"},"headline":"Talles Barreto apresenta relat\u00f3rio pela rejei\u00e7\u00e3o de PEC que defende Extin\u00e7\u00e3o do TCM","datePublished":"2021-06-08T19:43:37+00:00","dateModified":"2021-06-08T20:03:42+00:00","mainEntityOfPage":{"@id":"https:\/\/tallesbarreto.com.br\/site\/index.php\/2021\/06\/08\/talles-barreto-apresenta-relatorio-pela-rejeicao-de-pec-que-defende-extincao-do-tcm\/"},"wordCount":496,"publisher":{"@id":"https:\/\/tallesbarreto.com.br\/site\/#organization"},"articleSection":["Em Destaque","Imprensa","Saiu na M\u00eddia"],"inLanguage":"pt-BR"},{"@type":"Person","@id":"https:\/\/tallesbarreto.com.br\/site\/#\/schema\/person\/5bea009e77796979c19941ebd38a4886","name":"brunna","image":{"@type":"ImageObject","inLanguage":"pt-BR","@id":"https:\/\/tallesbarreto.com.br\/site\/#\/schema\/person\/image\/","url":"https:\/\/secure.gravatar.com\/avatar\/9f437887eff5a42295e1b9835aeb67b4?s=96&d=mm&r=g","contentUrl":"https:\/\/secure.gravatar.com\/avatar\/9f437887eff5a42295e1b9835aeb67b4?s=96&d=mm&r=g","caption":"brunna"},"url":"https:\/\/tallesbarreto.com.br\/site\/index.php\/author\/brunna\/"}]}},"jetpack_featured_media_url":"","_links":{"self":[{"href":"https:\/\/tallesbarreto.com.br\/site\/index.php\/wp-json\/wp\/v2\/posts\/1004"}],"collection":[{"href":"https:\/\/tallesbarreto.com.br\/site\/index.php\/wp-json\/wp\/v2\/posts"}],"about":[{"href":"https:\/\/tallesbarreto.com.br\/site\/index.php\/wp-json\/wp\/v2\/types\/post"}],"author":[{"embeddable":true,"href":"https:\/\/tallesbarreto.com.br\/site\/index.php\/wp-json\/wp\/v2\/users\/3"}],"replies":[{"embeddable":true,"href":"https:\/\/tallesbarreto.com.br\/site\/index.php\/wp-json\/wp\/v2\/comments?post=1004"}],"version-history":[{"count":1,"href":"https:\/\/tallesbarreto.com.br\/site\/index.php\/wp-json\/wp\/v2\/posts\/1004\/revisions"}],"predecessor-version":[{"id":1007,"href":"https:\/\/tallesbarreto.com.br\/site\/index.php\/wp-json\/wp\/v2\/posts\/1004\/revisions\/1007"}],"wp:attachment":[{"href":"https:\/\/tallesbarreto.com.br\/site\/index.php\/wp-json\/wp\/v2\/media?parent=1004"}],"wp:term":[{"taxonomy":"category","embeddable":true,"href":"https:\/\/tallesbarreto.com.br\/site\/index.php\/wp-json\/wp\/v2\/categories?post=1004"},{"taxonomy":"post_tag","embeddable":true,"href":"https:\/\/tallesbarreto.com.br\/site\/index.php\/wp-json\/wp\/v2\/tags?post=1004"}],"curies":[{"name":"wp","href":"https:\/\/api.w.org\/{rel}","templated":true}]}}