{"id":1002,"date":"2021-06-08T16:14:06","date_gmt":"2021-06-08T19:14:06","guid":{"rendered":"https:\/\/tallesbarreto.com.br\/site\/?p=1002"},"modified":"2021-06-17T14:24:27","modified_gmt":"2021-06-17T17:24:27","slug":"jornal-opcao-destaca-proposta-de-talles-barreto-em-priorizar-profissionais-da-limpeza-urbana-em-goias-na-ordem-de-vacinacao-da-covid-19","status":"publish","type":"post","link":"https:\/\/tallesbarreto.com.br\/site\/index.php\/2021\/06\/08\/jornal-opcao-destaca-proposta-de-talles-barreto-em-priorizar-profissionais-da-limpeza-urbana-em-goias-na-ordem-de-vacinacao-da-covid-19\/","title":{"rendered":"Jornal Op\u00e7\u00e3o destaca proposta de Talles Barreto em priorizar profissionais da limpeza urbana em Goi\u00e1s na ordem de vacina\u00e7\u00e3o da COVID-19"},"content":{"rendered":"\n<p> Na segunda-feira (7), o Jornal Op\u00e7\u00e3o publicou uma mat\u00e9ria a respeito da proposta do deputado Talles Barreto em conceder prioridade na ordem de vacina\u00e7\u00e3o da COVID-19 aos profissionais da limpeza urbana em Goi\u00e1s.<\/p>\n\n\n\n<p>Confira mais no link: https:\/\/www.jornalopcao.com.br\/ultimas-noticias\/deputado-propoe-prioridade-na-vacinacao-contra-covid-para-profissionais-de-coleta-e-limpeza-urbana-333683\/<\/p>\n","protected":false},"excerpt":{"rendered":"<p>Na segunda-feira (7), o Jornal Op\u00e7\u00e3o publicou uma mat\u00e9ria a respeito da proposta do deputado Talles Barreto em conceder prioridade na ordem de vacina\u00e7\u00e3o da COVID-19 aos profissionais da limpeza urbana em Goi\u00e1s. Confira mais no link: https:\/\/www.jornalopcao.com.br\/ultimas-noticias\/deputado-propoe-prioridade-na-vacinacao-contra-covid-para-profissionais-de-coleta-e-limpeza-urbana-333683\/<\/p>\n","protected":false},"author":2,"featured_media":0,"comment_status":"closed","ping_status":"open","sticky":false,"template":"","format":"standard","meta":{"spay_email":""},"categories":[12],"tags":[78,18],"yoast_head":"<!-- This site is optimized with the Yoast SEO plugin v19.4 - https:\/\/yoast.com\/wordpress\/plugins\/seo\/ -->\n<title>Jornal Op\u00e7\u00e3o destaca proposta de Talles Barreto em priorizar profissionais da limpeza urbana em Goi\u00e1s na ordem de vacina\u00e7\u00e3o da COVID-19 - Deputado Estadual Talles Barreto<\/title>\n<meta name=\"robots\" content=\"index, follow, max-snippet:-1, max-image-preview:large, max-video-preview:-1\" \/>\n<link rel=\"canonical\" href=\"https:\/\/tallesbarreto.com.br\/site\/index.php\/2021\/06\/08\/jornal-opcao-destaca-proposta-de-talles-barreto-em-priorizar-profissionais-da-limpeza-urbana-em-goias-na-ordem-de-vacinacao-da-covid-19\/\" \/>\n<meta property=\"og:locale\" content=\"pt_BR\" \/>\n<meta property=\"og:type\" content=\"article\" \/>\n<meta property=\"og:title\" content=\"Jornal Op\u00e7\u00e3o destaca proposta de Talles Barreto em priorizar profissionais da limpeza urbana em Goi\u00e1s na ordem de vacina\u00e7\u00e3o da COVID-19 - Deputado Estadual Talles Barreto\" \/>\n<meta property=\"og:description\" content=\"Na segunda-feira (7), o Jornal Op\u00e7\u00e3o publicou uma mat\u00e9ria a respeito da proposta do deputado Talles Barreto em conceder prioridade na ordem de vacina\u00e7\u00e3o da COVID-19 aos profissionais da limpeza urbana em Goi\u00e1s. Confira mais no link: https:\/\/www.jornalopcao.com.br\/ultimas-noticias\/deputado-propoe-prioridade-na-vacinacao-contra-covid-para-profissionais-de-coleta-e-limpeza-urbana-333683\/\" \/>\n<meta property=\"og:url\" content=\"https:\/\/tallesbarreto.com.br\/site\/index.php\/2021\/06\/08\/jornal-opcao-destaca-proposta-de-talles-barreto-em-priorizar-profissionais-da-limpeza-urbana-em-goias-na-ordem-de-vacinacao-da-covid-19\/\" \/>\n<meta property=\"og:site_name\" content=\"Deputado Estadual Talles Barreto\" \/>\n<meta property=\"article:publisher\" content=\"https:\/\/www.facebook.com\/deputadotallesbarreto\/\" \/>\n<meta property=\"article:published_time\" content=\"2021-06-08T19:14:06+00:00\" \/>\n<meta property=\"article:modified_time\" content=\"2021-06-17T17:24:27+00:00\" \/>\n<meta name=\"author\" content=\"Kalyne\" \/>\n<meta name=\"twitter:card\" content=\"summary_large_image\" \/>\n<meta name=\"twitter:creator\" content=\"@talles_barreto\" \/>\n<meta name=\"twitter:site\" content=\"@talles_barreto\" \/>\n<meta name=\"twitter:label1\" content=\"Escrito por\" \/>\n\t<meta name=\"twitter:data1\" content=\"Kalyne\" \/>\n<script type=\"application\/ld+json\" class=\"yoast-schema-graph\">{\"@context\":\"https:\/\/schema.org\",\"@graph\":[{\"@type\":\"Organization\",\"@id\":\"https:\/\/tallesbarreto.com.br\/site\/#organization\",\"name\":\"Deputado Estadual Talles Barreto\",\"url\":\"https:\/\/tallesbarreto.com.br\/site\/\",\"sameAs\":[\"https:\/\/www.instagram.com\/deputadotallesbarreto\/\",\"https:\/\/www.facebook.com\/deputadotallesbarreto\/\",\"https:\/\/twitter.com\/talles_barreto\"],\"logo\":{\"@type\":\"ImageObject\",\"inLanguage\":\"pt-BR\",\"@id\":\"https:\/\/tallesbarreto.com.br\/site\/#\/schema\/logo\/image\/\",\"url\":\"https:\/\/tallesbarreto.com.br\/site\/wp-content\/uploads\/2019\/09\/logo-1.png\",\"contentUrl\":\"https:\/\/tallesbarreto.com.br\/site\/wp-content\/uploads\/2019\/09\/logo-1.png\",\"width\":2481,\"height\":1226,\"caption\":\"Deputado Estadual Talles Barreto\"},\"image\":{\"@id\":\"https:\/\/tallesbarreto.com.br\/site\/#\/schema\/logo\/image\/\"}},{\"@type\":\"WebSite\",\"@id\":\"https:\/\/tallesbarreto.com.br\/site\/#website\",\"url\":\"https:\/\/tallesbarreto.com.br\/site\/\",\"name\":\"Deputado Estadual Talles Barreto\",\"description\":\"\",\"publisher\":{\"@id\":\"https:\/\/tallesbarreto.com.br\/site\/#organization\"},\"potentialAction\":[{\"@type\":\"SearchAction\",\"target\":{\"@type\":\"EntryPoint\",\"urlTemplate\":\"https:\/\/tallesbarreto.com.br\/site\/?s={search_term_string}\"},\"query-input\":\"required name=search_term_string\"}],\"inLanguage\":\"pt-BR\"},{\"@type\":\"WebPage\",\"@id\":\"https:\/\/tallesbarreto.com.br\/site\/index.php\/2021\/06\/08\/jornal-opcao-destaca-proposta-de-talles-barreto-em-priorizar-profissionais-da-limpeza-urbana-em-goias-na-ordem-de-vacinacao-da-covid-19\/\",\"url\":\"https:\/\/tallesbarreto.com.br\/site\/index.php\/2021\/06\/08\/jornal-opcao-destaca-proposta-de-talles-barreto-em-priorizar-profissionais-da-limpeza-urbana-em-goias-na-ordem-de-vacinacao-da-covid-19\/\",\"name\":\"Jornal Op\u00e7\u00e3o destaca proposta de Talles Barreto em priorizar profissionais da limpeza urbana em Goi\u00e1s na ordem de vacina\u00e7\u00e3o da COVID-19 - Deputado Estadual Talles Barreto\",\"isPartOf\":{\"@id\":\"https:\/\/tallesbarreto.com.br\/site\/#website\"},\"datePublished\":\"2021-06-08T19:14:06+00:00\",\"dateModified\":\"2021-06-17T17:24:27+00:00\",\"breadcrumb\":{\"@id\":\"https:\/\/tallesbarreto.com.br\/site\/index.php\/2021\/06\/08\/jornal-opcao-destaca-proposta-de-talles-barreto-em-priorizar-profissionais-da-limpeza-urbana-em-goias-na-ordem-de-vacinacao-da-covid-19\/#breadcrumb\"},\"inLanguage\":\"pt-BR\",\"potentialAction\":[{\"@type\":\"ReadAction\",\"target\":[\"https:\/\/tallesbarreto.com.br\/site\/index.php\/2021\/06\/08\/jornal-opcao-destaca-proposta-de-talles-barreto-em-priorizar-profissionais-da-limpeza-urbana-em-goias-na-ordem-de-vacinacao-da-covid-19\/\"]}]},{\"@type\":\"BreadcrumbList\",\"@id\":\"https:\/\/tallesbarreto.com.br\/site\/index.php\/2021\/06\/08\/jornal-opcao-destaca-proposta-de-talles-barreto-em-priorizar-profissionais-da-limpeza-urbana-em-goias-na-ordem-de-vacinacao-da-covid-19\/#breadcrumb\",\"itemListElement\":[{\"@type\":\"ListItem\",\"position\":1,\"name\":\"In\u00edcio\",\"item\":\"https:\/\/tallesbarreto.com.br\/site\/\"},{\"@type\":\"ListItem\",\"position\":2,\"name\":\"Jornal Op\u00e7\u00e3o destaca proposta de Talles Barreto em priorizar profissionais da limpeza urbana em Goi\u00e1s na ordem de vacina\u00e7\u00e3o da COVID-19\"}]},{\"@type\":\"Article\",\"@id\":\"https:\/\/tallesbarreto.com.br\/site\/index.php\/2021\/06\/08\/jornal-opcao-destaca-proposta-de-talles-barreto-em-priorizar-profissionais-da-limpeza-urbana-em-goias-na-ordem-de-vacinacao-da-covid-19\/#article\",\"isPartOf\":{\"@id\":\"https:\/\/tallesbarreto.com.br\/site\/index.php\/2021\/06\/08\/jornal-opcao-destaca-proposta-de-talles-barreto-em-priorizar-profissionais-da-limpeza-urbana-em-goias-na-ordem-de-vacinacao-da-covid-19\/\"},\"author\":{\"name\":\"Kalyne\",\"@id\":\"https:\/\/tallesbarreto.com.br\/site\/#\/schema\/person\/08698d395aa7a8439c3bb01a0a8760e1\"},\"headline\":\"Jornal Op\u00e7\u00e3o destaca proposta de Talles Barreto em priorizar profissionais da limpeza urbana em Goi\u00e1s na ordem de vacina\u00e7\u00e3o da COVID-19\",\"datePublished\":\"2021-06-08T19:14:06+00:00\",\"dateModified\":\"2021-06-17T17:24:27+00:00\",\"mainEntityOfPage\":{\"@id\":\"https:\/\/tallesbarreto.com.br\/site\/index.php\/2021\/06\/08\/jornal-opcao-destaca-proposta-de-talles-barreto-em-priorizar-profissionais-da-limpeza-urbana-em-goias-na-ordem-de-vacinacao-da-covid-19\/\"},\"wordCount\":71,\"publisher\":{\"@id\":\"https:\/\/tallesbarreto.com.br\/site\/#organization\"},\"keywords\":[\"COVID-19\",\"Projeto de Lei\"],\"articleSection\":[\"Saiu na M\u00eddia\"],\"inLanguage\":\"pt-BR\"},{\"@type\":\"Person\",\"@id\":\"https:\/\/tallesbarreto.com.br\/site\/#\/schema\/person\/08698d395aa7a8439c3bb01a0a8760e1\",\"name\":\"Kalyne\",\"image\":{\"@type\":\"ImageObject\",\"inLanguage\":\"pt-BR\",\"@id\":\"https:\/\/tallesbarreto.com.br\/site\/#\/schema\/person\/image\/\",\"url\":\"https:\/\/secure.gravatar.com\/avatar\/f78d10267c83158259bb34b9013d81c5?s=96&d=mm&r=g\",\"contentUrl\":\"https:\/\/secure.gravatar.com\/avatar\/f78d10267c83158259bb34b9013d81c5?s=96&d=mm&r=g\",\"caption\":\"Kalyne\"},\"url\":\"https:\/\/tallesbarreto.com.br\/site\/index.php\/author\/kalyne\/\"}]}<\/script>\n<!-- \/ Yoast SEO plugin. -->","yoast_head_json":{"title":"Jornal Op\u00e7\u00e3o destaca proposta de Talles Barreto em priorizar profissionais da limpeza urbana em Goi\u00e1s na ordem de vacina\u00e7\u00e3o da COVID-19 - Deputado Estadual Talles Barreto","robots":{"index":"index","follow":"follow","max-snippet":"max-snippet:-1","max-image-preview":"max-image-preview:large","max-video-preview":"max-video-preview:-1"},"canonical":"https:\/\/tallesbarreto.com.br\/site\/index.php\/2021\/06\/08\/jornal-opcao-destaca-proposta-de-talles-barreto-em-priorizar-profissionais-da-limpeza-urbana-em-goias-na-ordem-de-vacinacao-da-covid-19\/","og_locale":"pt_BR","og_type":"article","og_title":"Jornal Op\u00e7\u00e3o destaca proposta de Talles Barreto em priorizar profissionais da limpeza urbana em Goi\u00e1s na ordem de vacina\u00e7\u00e3o da COVID-19 - Deputado Estadual Talles Barreto","og_description":"Na segunda-feira (7), o Jornal Op\u00e7\u00e3o publicou uma mat\u00e9ria a respeito da proposta do deputado Talles Barreto em conceder prioridade na ordem de vacina\u00e7\u00e3o da COVID-19 aos profissionais da limpeza urbana em Goi\u00e1s. Confira mais no link: https:\/\/www.jornalopcao.com.br\/ultimas-noticias\/deputado-propoe-prioridade-na-vacinacao-contra-covid-para-profissionais-de-coleta-e-limpeza-urbana-333683\/","og_url":"https:\/\/tallesbarreto.com.br\/site\/index.php\/2021\/06\/08\/jornal-opcao-destaca-proposta-de-talles-barreto-em-priorizar-profissionais-da-limpeza-urbana-em-goias-na-ordem-de-vacinacao-da-covid-19\/","og_site_name":"Deputado Estadual Talles Barreto","article_publisher":"https:\/\/www.facebook.com\/deputadotallesbarreto\/","article_published_time":"2021-06-08T19:14:06+00:00","article_modified_time":"2021-06-17T17:24:27+00:00","author":"Kalyne","twitter_card":"summary_large_image","twitter_creator":"@talles_barreto","twitter_site":"@talles_barreto","twitter_misc":{"Escrito por":"Kalyne"},"schema":{"@context":"https:\/\/schema.org","@graph":[{"@type":"Organization","@id":"https:\/\/tallesbarreto.com.br\/site\/#organization","name":"Deputado Estadual Talles Barreto","url":"https:\/\/tallesbarreto.com.br\/site\/","sameAs":["https:\/\/www.instagram.com\/deputadotallesbarreto\/","https:\/\/www.facebook.com\/deputadotallesbarreto\/","https:\/\/twitter.com\/talles_barreto"],"logo":{"@type":"ImageObject","inLanguage":"pt-BR","@id":"https:\/\/tallesbarreto.com.br\/site\/#\/schema\/logo\/image\/","url":"https:\/\/tallesbarreto.com.br\/site\/wp-content\/uploads\/2019\/09\/logo-1.png","contentUrl":"https:\/\/tallesbarreto.com.br\/site\/wp-content\/uploads\/2019\/09\/logo-1.png","width":2481,"height":1226,"caption":"Deputado Estadual Talles Barreto"},"image":{"@id":"https:\/\/tallesbarreto.com.br\/site\/#\/schema\/logo\/image\/"}},{"@type":"WebSite","@id":"https:\/\/tallesbarreto.com.br\/site\/#website","url":"https:\/\/tallesbarreto.com.br\/site\/","name":"Deputado Estadual Talles Barreto","description":"","publisher":{"@id":"https:\/\/tallesbarreto.com.br\/site\/#organization"},"potentialAction":[{"@type":"SearchAction","target":{"@type":"EntryPoint","urlTemplate":"https:\/\/tallesbarreto.com.br\/site\/?s={search_term_string}"},"query-input":"required name=search_term_string"}],"inLanguage":"pt-BR"},{"@type":"WebPage","@id":"https:\/\/tallesbarreto.com.br\/site\/index.php\/2021\/06\/08\/jornal-opcao-destaca-proposta-de-talles-barreto-em-priorizar-profissionais-da-limpeza-urbana-em-goias-na-ordem-de-vacinacao-da-covid-19\/","url":"https:\/\/tallesbarreto.com.br\/site\/index.php\/2021\/06\/08\/jornal-opcao-destaca-proposta-de-talles-barreto-em-priorizar-profissionais-da-limpeza-urbana-em-goias-na-ordem-de-vacinacao-da-covid-19\/","name":"Jornal Op\u00e7\u00e3o destaca proposta de Talles Barreto em priorizar profissionais da limpeza urbana em Goi\u00e1s na ordem de vacina\u00e7\u00e3o da COVID-19 - Deputado Estadual Talles Barreto","isPartOf":{"@id":"https:\/\/tallesbarreto.com.br\/site\/#website"},"datePublished":"2021-06-08T19:14:06+00:00","dateModified":"2021-06-17T17:24:27+00:00","breadcrumb":{"@id":"https:\/\/tallesbarreto.com.br\/site\/index.php\/2021\/06\/08\/jornal-opcao-destaca-proposta-de-talles-barreto-em-priorizar-profissionais-da-limpeza-urbana-em-goias-na-ordem-de-vacinacao-da-covid-19\/#breadcrumb"},"inLanguage":"pt-BR","potentialAction":[{"@type":"ReadAction","target":["https:\/\/tallesbarreto.com.br\/site\/index.php\/2021\/06\/08\/jornal-opcao-destaca-proposta-de-talles-barreto-em-priorizar-profissionais-da-limpeza-urbana-em-goias-na-ordem-de-vacinacao-da-covid-19\/"]}]},{"@type":"BreadcrumbList","@id":"https:\/\/tallesbarreto.com.br\/site\/index.php\/2021\/06\/08\/jornal-opcao-destaca-proposta-de-talles-barreto-em-priorizar-profissionais-da-limpeza-urbana-em-goias-na-ordem-de-vacinacao-da-covid-19\/#breadcrumb","itemListElement":[{"@type":"ListItem","position":1,"name":"In\u00edcio","item":"https:\/\/tallesbarreto.com.br\/site\/"},{"@type":"ListItem","position":2,"name":"Jornal Op\u00e7\u00e3o destaca proposta de Talles Barreto em priorizar profissionais da limpeza urbana em Goi\u00e1s na ordem de vacina\u00e7\u00e3o da COVID-19"}]},{"@type":"Article","@id":"https:\/\/tallesbarreto.com.br\/site\/index.php\/2021\/06\/08\/jornal-opcao-destaca-proposta-de-talles-barreto-em-priorizar-profissionais-da-limpeza-urbana-em-goias-na-ordem-de-vacinacao-da-covid-19\/#article","isPartOf":{"@id":"https:\/\/tallesbarreto.com.br\/site\/index.php\/2021\/06\/08\/jornal-opcao-destaca-proposta-de-talles-barreto-em-priorizar-profissionais-da-limpeza-urbana-em-goias-na-ordem-de-vacinacao-da-covid-19\/"},"author":{"name":"Kalyne","@id":"https:\/\/tallesbarreto.com.br\/site\/#\/schema\/person\/08698d395aa7a8439c3bb01a0a8760e1"},"headline":"Jornal Op\u00e7\u00e3o destaca proposta de Talles Barreto em priorizar profissionais da limpeza urbana em Goi\u00e1s na ordem de vacina\u00e7\u00e3o da COVID-19","datePublished":"2021-06-08T19:14:06+00:00","dateModified":"2021-06-17T17:24:27+00:00","mainEntityOfPage":{"@id":"https:\/\/tallesbarreto.com.br\/site\/index.php\/2021\/06\/08\/jornal-opcao-destaca-proposta-de-talles-barreto-em-priorizar-profissionais-da-limpeza-urbana-em-goias-na-ordem-de-vacinacao-da-covid-19\/"},"wordCount":71,"publisher":{"@id":"https:\/\/tallesbarreto.com.br\/site\/#organization"},"keywords":["COVID-19","Projeto de Lei"],"articleSection":["Saiu na M\u00eddia"],"inLanguage":"pt-BR"},{"@type":"Person","@id":"https:\/\/tallesbarreto.com.br\/site\/#\/schema\/person\/08698d395aa7a8439c3bb01a0a8760e1","name":"Kalyne","image":{"@type":"ImageObject","inLanguage":"pt-BR","@id":"https:\/\/tallesbarreto.com.br\/site\/#\/schema\/person\/image\/","url":"https:\/\/secure.gravatar.com\/avatar\/f78d10267c83158259bb34b9013d81c5?s=96&d=mm&r=g","contentUrl":"https:\/\/secure.gravatar.com\/avatar\/f78d10267c83158259bb34b9013d81c5?s=96&d=mm&r=g","caption":"Kalyne"},"url":"https:\/\/tallesbarreto.com.br\/site\/index.php\/author\/kalyne\/"}]}},"jetpack_featured_media_url":"","_links":{"self":[{"href":"https:\/\/tallesbarreto.com.br\/site\/index.php\/wp-json\/wp\/v2\/posts\/1002"}],"collection":[{"href":"https:\/\/tallesbarreto.com.br\/site\/index.php\/wp-json\/wp\/v2\/posts"}],"about":[{"href":"https:\/\/tallesbarreto.com.br\/site\/index.php\/wp-json\/wp\/v2\/types\/post"}],"author":[{"embeddable":true,"href":"https:\/\/tallesbarreto.com.br\/site\/index.php\/wp-json\/wp\/v2\/users\/2"}],"replies":[{"embeddable":true,"href":"https:\/\/tallesbarreto.com.br\/site\/index.php\/wp-json\/wp\/v2\/comments?post=1002"}],"version-history":[{"count":2,"href":"https:\/\/tallesbarreto.com.br\/site\/index.php\/wp-json\/wp\/v2\/posts\/1002\/revisions"}],"predecessor-version":[{"id":1013,"href":"https:\/\/tallesbarreto.com.br\/site\/index.php\/wp-json\/wp\/v2\/posts\/1002\/revisions\/1013"}],"wp:attachment":[{"href":"https:\/\/tallesbarreto.com.br\/site\/index.php\/wp-json\/wp\/v2\/media?parent=1002"}],"wp:term":[{"taxonomy":"category","embeddable":true,"href":"https:\/\/tallesbarreto.com.br\/site\/index.php\/wp-json\/wp\/v2\/categories?post=1002"},{"taxonomy":"post_tag","embeddable":true,"href":"https:\/\/tallesbarreto.com.br\/site\/index.php\/wp-json\/wp\/v2\/tags?post=1002"}],"curies":[{"name":"wp","href":"https:\/\/api.w.org\/{rel}","templated":true}]}}